{"id":78791,"date":"2021-04-05T18:15:45","date_gmt":"2021-04-05T15:15:45","guid":{"rendered":"https:\/\/www.giurgiuveanul.ro\/stiri\/?p=78791"},"modified":"2021-04-05T18:15:45","modified_gmt":"2021-04-05T15:15:45","slug":"in-romania-fara-certificat-verde-vom-merge-in-vacanta-fara-a-avea-nevoie-de-acesta","status":"publish","type":"post","link":"https:\/\/www.giurgiuveanul.ro\/stiri\/in-romania-fara-certificat-verde-vom-merge-in-vacanta-fara-a-avea-nevoie-de-acesta\/","title":{"rendered":"\u00cen Rom\u00e2nia, f\u0103r\u0103 certificat verde! Vom merge \u00een vacan\u021b\u0103 f\u0103r\u0103 a avea nevoie de acesta"},"content":{"rendered":"<p style=\"text-align: justify;\"><strong><a href=\"https:\/\/www.giurgiuveanul.ro\/stiri\/wp-content\/uploads\/2021\/04\/6087812certificatverdecovid.jpg\"><img loading=\"lazy\" decoding=\"async\" class=\"aligncenter size-large wp-image-78792\" src=\"https:\/\/www.giurgiuveanul.ro\/stiri\/wp-content\/uploads\/2021\/04\/6087812certificatverdecovid-560x375.jpg\" alt=\"\" width=\"560\" height=\"375\" srcset=\"https:\/\/www.giurgiuveanul.ro\/stiri\/wp-content\/uploads\/2021\/04\/6087812certificatverdecovid-560x375.jpg 560w, https:\/\/www.giurgiuveanul.ro\/stiri\/wp-content\/uploads\/2021\/04\/6087812certificatverdecovid-250x167.jpg 250w, https:\/\/www.giurgiuveanul.ro\/stiri\/wp-content\/uploads\/2021\/04\/6087812certificatverdecovid-400x268.jpg 400w, https:\/\/www.giurgiuveanul.ro\/stiri\/wp-content\/uploads\/2021\/04\/6087812certificatverdecovid.jpg 650w\" sizes=\"auto, (max-width: 560px) 100vw, 560px\" \/><\/a>Florin C\u00ee\u021bu a anun\u021bat luni c\u0103<!--more--> \u00een Rom\u00e2nia nu vor fi utilizate certificatele verzi digitale pentru c\u0103l\u0103torii.<\/strong><\/p>\n<p style=\"text-align: justify;\">\u201eF\u0103r\u0103 discu\u021bii. \u00cen Rom\u00e2nia nu se va aplica certificatul verde, rom\u00e2nii vor merge \u00een vacan\u021b\u0103 f\u0103r\u0103\u201d, a declarat Florin C\u00ee\u021bu, luni, \u00een timpul unei conferin\u021be de pres\u0103.<\/p>\n<p style=\"text-align: justify;\">Rom\u00e2nii nu vor fi nevoi\u021bi s\u0103 utilizeze certificatele \u0219i vor respecta mai pu\u021bine reguli \u00eencep\u00e2nd din var\u0103<\/p>\n<p style=\"text-align: justify;\">\u201eEu sper s\u0103 fie c\u00e2t mai multe (n.r. m\u0103suri de relaxare), a\u0219 vrea s\u0103 avem o vacan\u021b\u0103 mult mai bun\u0103 dec\u00e2t cea de anul trecut. (\u2026) Pentru 1 iunie preg\u0103tim revenirea la normalitate. M\u0103surile pe care le-am luat au avut un impact pozitiv, cei care protesteaz\u0103 trebuie s\u0103 respecte legile \u00een vigoare\u201d, a precizat premierul.<\/p>\n<p style=\"text-align: justify;\">Conform unui proiect UE, certificatul verde digital ar trebui s\u0103 con\u021bin\u0103 datele de identificare ale persoanei \u0219i informa\u021bii despre vaccinul anti-COVID, despre testul PCR sau despre imunitatea dob\u00e2ndit\u0103 \u00een urma infect\u0103rii cu virusul SARS CoV-2.<\/p>\n<p style=\"text-align: justify;\">Premierul anun\u021b\u0103 constituirea unui comitet care s\u0103 asigure revenirea la normalitate din 1 iunie.<\/p>\n<p><em>(sursa: Mediafax)<\/em><\/p>\n","protected":false},"excerpt":{"rendered":"<p>Florin C\u00ee\u021bu a anun\u021bat luni c\u0103<\/p>\n","protected":false},"author":1,"featured_media":0,"comment_status":"open","ping_status":"open","sticky":false,"template":"","format":"standard","meta":{"footnotes":""},"categories":[6],"tags":[],"class_list":["post-78791","post","type-post","status-publish","format-standard","hentry","category-breaking-news"],"_links":{"self":[{"href":"https:\/\/www.giurgiuveanul.ro\/stiri\/wp-json\/wp\/v2\/posts\/78791","targetHints":{"allow":["GET"]}}],"collection":[{"href":"https:\/\/www.giurgiuveanul.ro\/stiri\/wp-json\/wp\/v2\/posts"}],"about":[{"href":"https:\/\/www.giurgiuveanul.ro\/stiri\/wp-json\/wp\/v2\/types\/post"}],"author":[{"embeddable":true,"href":"https:\/\/www.giurgiuveanul.ro\/stiri\/wp-json\/wp\/v2\/users\/1"}],"replies":[{"embeddable":true,"href":"https:\/\/www.giurgiuveanul.ro\/stiri\/wp-json\/wp\/v2\/comments?post=78791"}],"version-history":[{"count":0,"href":"https:\/\/www.giurgiuveanul.ro\/stiri\/wp-json\/wp\/v2\/posts\/78791\/revisions"}],"wp:attachment":[{"href":"https:\/\/www.giurgiuveanul.ro\/stiri\/wp-json\/wp\/v2\/media?parent=78791"}],"wp:term":[{"taxonomy":"category","embeddable":true,"href":"https:\/\/www.giurgiuveanul.ro\/stiri\/wp-json\/wp\/v2\/categories?post=78791"},{"taxonomy":"post_tag","embeddable":true,"href":"https:\/\/www.giurgiuveanul.ro\/stiri\/wp-json\/wp\/v2\/tags?post=78791"}],"curies":[{"name":"wp","href":"https:\/\/api.w.org\/{rel}","templated":true}]}}