{"id":78820,"date":"2021-04-06T23:09:28","date_gmt":"2021-04-06T20:09:28","guid":{"rendered":"https:\/\/www.giurgiuveanul.ro\/stiri\/?p=78820"},"modified":"2021-04-06T23:17:02","modified_gmt":"2021-04-06T20:17:02","slug":"un-tanar-giurgiuvean-in-varsta-de-19-ani-si-a-pierdut-viata-intr-un-accident-rutier-alte-trei-victime-au-fost-transportate-la-spital-foto","status":"publish","type":"post","link":"https:\/\/www.giurgiuveanul.ro\/stiri\/un-tanar-giurgiuvean-in-varsta-de-19-ani-si-a-pierdut-viata-intr-un-accident-rutier-alte-trei-victime-au-fost-transportate-la-spital-foto\/","title":{"rendered":"Un t\u00e2n\u0103r giurgiuvean, \u00een v\u00e2rst\u0103 de 19 ani, \u015fi-a pierdut via\u0163a \u00eentr-un accident rutier! Alte trei victime au fost transportate la Spital (FOTO)"},"content":{"rendered":"<p style=\"text-align: justify;\"><strong><a href=\"https:\/\/www.giurgiuveanul.ro\/stiri\/wp-content\/uploads\/2021\/04\/IMG_1820.jpg\"><img loading=\"lazy\" decoding=\"async\" class=\"aligncenter size-large wp-image-78821\" src=\"https:\/\/www.giurgiuveanul.ro\/stiri\/wp-content\/uploads\/2021\/04\/IMG_1820-560x297.jpg\" alt=\"\" width=\"560\" height=\"297\" srcset=\"https:\/\/www.giurgiuveanul.ro\/stiri\/wp-content\/uploads\/2021\/04\/IMG_1820-560x297.jpg 560w, https:\/\/www.giurgiuveanul.ro\/stiri\/wp-content\/uploads\/2021\/04\/IMG_1820-250x133.jpg 250w, https:\/\/www.giurgiuveanul.ro\/stiri\/wp-content\/uploads\/2021\/04\/IMG_1820-768x407.jpg 768w, https:\/\/www.giurgiuveanul.ro\/stiri\/wp-content\/uploads\/2021\/04\/IMG_1820-400x212.jpg 400w, https:\/\/www.giurgiuveanul.ro\/stiri\/wp-content\/uploads\/2021\/04\/IMG_1820.jpg 800w\" sizes=\"auto, (max-width: 560px) 100vw, 560px\" \/><\/a>\u00cen urm\u0103 cu pu\u0163in timp,<!--more--> la Comasca, \u00een comuna Oinacu, s-a produs un accident rutier soldat cu un mort \u015fi trei victime, informeaz\u0103 ISU Giurgiu.<\/strong><\/p>\n<p style=\"text-align: justify;\">La fa\u021ba locului s-au deplasat pompierii din cadrul Deta\u0219amentului Giurgiu, cu o autospecial\u0103 de stingere cu ap\u0103 \u0219i spum\u0103, o ambulan\u021b\u0103 SMURD, un echipaj de descarcerare \u0219i o autospecial\u0103 pentru transport personal \u0219i victime multiple.<\/p>\n<p style=\"text-align: justify;\">A fost implicat un singur autoturism, \u00een care se aflau patru persoane.<\/p>\n<p style=\"text-align: justify;\">Dou\u0103 dintre persoanele din autoturism &#8211; o fat\u0103, de 17 ani, \u0219i un b\u0103iat, de 19 ani &#8211; g\u0103site incon\u0219tiente, au fost preluate de ambulan\u021be SAJ \u0219i transportate de urgen\u021b\u0103 la spital.<\/p>\n<p style=\"text-align: justify;\">O t\u00e2n\u0103r\u0103, \u00een v\u00e2rst\u0103 de 19 ani, con\u0219tient\u0103, a fost preluat\u0103 de echipajul SMURD, a primit \u00eengrijiri medicale \u0219i a fost transportat\u0103 la spital.<\/p>\n<p><a href=\"https:\/\/www.giurgiuveanul.ro\/stiri\/wp-content\/uploads\/2021\/04\/IMG_1670.jpg\"><img loading=\"lazy\" decoding=\"async\" class=\"aligncenter size-large wp-image-78822\" src=\"https:\/\/www.giurgiuveanul.ro\/stiri\/wp-content\/uploads\/2021\/04\/IMG_1670-560x295.jpg\" alt=\"\" width=\"560\" height=\"295\" srcset=\"https:\/\/www.giurgiuveanul.ro\/stiri\/wp-content\/uploads\/2021\/04\/IMG_1670-560x295.jpg 560w, https:\/\/www.giurgiuveanul.ro\/stiri\/wp-content\/uploads\/2021\/04\/IMG_1670-250x132.jpg 250w, https:\/\/www.giurgiuveanul.ro\/stiri\/wp-content\/uploads\/2021\/04\/IMG_1670-768x405.jpg 768w, https:\/\/www.giurgiuveanul.ro\/stiri\/wp-content\/uploads\/2021\/04\/IMG_1670-400x211.jpg 400w, https:\/\/www.giurgiuveanul.ro\/stiri\/wp-content\/uploads\/2021\/04\/IMG_1670.jpg 800w\" sizes=\"auto, (max-width: 560px) 100vw, 560px\" \/><\/a><\/p>\n<p style=\"text-align: justify;\">Conduc\u0103torul auto, un t\u00e2n\u0103r, \u00een v\u00e2rst\u0103 de 19 ani, a fost g\u0103sit \u00een stop cardio-respirator, i-au fost efectuate manevre de resuscitare, \u00eens\u0103, din nefericire, echipajul medical al SAJ a declarat decesul acestuia.<\/p>\n<p><a href=\"https:\/\/www.giurgiuveanul.ro\/stiri\/wp-content\/uploads\/2021\/04\/IMG_1774.jpg\"><img loading=\"lazy\" decoding=\"async\" class=\"aligncenter size-large wp-image-78823\" src=\"https:\/\/www.giurgiuveanul.ro\/stiri\/wp-content\/uploads\/2021\/04\/IMG_1774-560x365.jpg\" alt=\"\" width=\"560\" height=\"365\" srcset=\"https:\/\/www.giurgiuveanul.ro\/stiri\/wp-content\/uploads\/2021\/04\/IMG_1774-560x365.jpg 560w, https:\/\/www.giurgiuveanul.ro\/stiri\/wp-content\/uploads\/2021\/04\/IMG_1774-250x163.jpg 250w, https:\/\/www.giurgiuveanul.ro\/stiri\/wp-content\/uploads\/2021\/04\/IMG_1774-768x501.jpg 768w, https:\/\/www.giurgiuveanul.ro\/stiri\/wp-content\/uploads\/2021\/04\/IMG_1774-400x261.jpg 400w, https:\/\/www.giurgiuveanul.ro\/stiri\/wp-content\/uploads\/2021\/04\/IMG_1774.jpg 800w\" sizes=\"auto, (max-width: 560px) 100vw, 560px\" \/><\/a><\/p>\n<p style=\"text-align: justify;\"><strong>Vom reveni cu informa\u0163ii de la IPJ Giurgiu.<\/strong><\/p>\n","protected":false},"excerpt":{"rendered":"<p>\u00cen urm\u0103 cu pu\u0163in timp,<\/p>\n","protected":false},"author":1,"featured_media":0,"comment_status":"open","ping_status":"open","sticky":false,"template":"","format":"standard","meta":{"footnotes":""},"categories":[6],"tags":[],"class_list":["post-78820","post","type-post","status-publish","format-standard","hentry","category-breaking-news"],"_links":{"self":[{"href":"https:\/\/www.giurgiuveanul.ro\/stiri\/wp-json\/wp\/v2\/posts\/78820","targetHints":{"allow":["GET"]}}],"collection":[{"href":"https:\/\/www.giurgiuveanul.ro\/stiri\/wp-json\/wp\/v2\/posts"}],"about":[{"href":"https:\/\/www.giurgiuveanul.ro\/stiri\/wp-json\/wp\/v2\/types\/post"}],"author":[{"embeddable":true,"href":"https:\/\/www.giurgiuveanul.ro\/stiri\/wp-json\/wp\/v2\/users\/1"}],"replies":[{"embeddable":true,"href":"https:\/\/www.giurgiuveanul.ro\/stiri\/wp-json\/wp\/v2\/comments?post=78820"}],"version-history":[{"count":0,"href":"https:\/\/www.giurgiuveanul.ro\/stiri\/wp-json\/wp\/v2\/posts\/78820\/revisions"}],"wp:attachment":[{"href":"https:\/\/www.giurgiuveanul.ro\/stiri\/wp-json\/wp\/v2\/media?parent=78820"}],"wp:term":[{"taxonomy":"category","embeddable":true,"href":"https:\/\/www.giurgiuveanul.ro\/stiri\/wp-json\/wp\/v2\/categories?post=78820"},{"taxonomy":"post_tag","embeddable":true,"href":"https:\/\/www.giurgiuveanul.ro\/stiri\/wp-json\/wp\/v2\/tags?post=78820"}],"curies":[{"name":"wp","href":"https:\/\/api.w.org\/{rel}","templated":true}]}}