{"id":78827,"date":"2021-04-07T09:52:23","date_gmt":"2021-04-07T06:52:23","guid":{"rendered":"https:\/\/www.giurgiuveanul.ro\/stiri\/?p=78827"},"modified":"2021-04-07T09:52:23","modified_gmt":"2021-04-07T06:52:23","slug":"inspectoratul-de-politie-judetean-giurgiu-informatii-oficiale-despre-accidentul-rutier-de-la-comasca","status":"publish","type":"post","link":"https:\/\/www.giurgiuveanul.ro\/stiri\/inspectoratul-de-politie-judetean-giurgiu-informatii-oficiale-despre-accidentul-rutier-de-la-comasca\/","title":{"rendered":"Inspectoratul de Poli\u0163ie Jude\u0163ean Giurgiu, informa\u0163ii oficiale despre accidentul rutier de la Comasca"},"content":{"rendered":"<p style=\"text-align: justify;\"><strong><a href=\"https:\/\/www.giurgiuveanul.ro\/stiri\/wp-content\/uploads\/2021\/04\/a.jpg\"><img loading=\"lazy\" decoding=\"async\" class=\"aligncenter size-large wp-image-78828\" src=\"https:\/\/www.giurgiuveanul.ro\/stiri\/wp-content\/uploads\/2021\/04\/a-560x306.jpg\" alt=\"\" width=\"560\" height=\"306\" srcset=\"https:\/\/www.giurgiuveanul.ro\/stiri\/wp-content\/uploads\/2021\/04\/a-560x306.jpg 560w, https:\/\/www.giurgiuveanul.ro\/stiri\/wp-content\/uploads\/2021\/04\/a-250x137.jpg 250w, https:\/\/www.giurgiuveanul.ro\/stiri\/wp-content\/uploads\/2021\/04\/a-768x420.jpg 768w, https:\/\/www.giurgiuveanul.ro\/stiri\/wp-content\/uploads\/2021\/04\/a-400x219.jpg 400w, https:\/\/www.giurgiuveanul.ro\/stiri\/wp-content\/uploads\/2021\/04\/a.jpg 900w\" sizes=\"auto, (max-width: 560px) 100vw, 560px\" \/><\/a>Asear\u0103, la ora 21.20,<!--more--> pe strada Bobocului, din satul Comasca, localitatea Oinacu, a avut loc un eveniment rutier, produs de c\u0103tre \u0219oferul unui autoturism, un t\u00e2n\u0103r de 18 ani, din satul Brani\u0219tea, jude\u021bul Giurgiu.<\/strong><\/p>\n<p style=\"text-align: justify;\">In urma evenimentului rutier a rezultat decesul conduc\u0103torului auto si r\u0103nirea altor trei tineri, respectiv dou\u0103 fete &#8211; de 17 \u0219i 19 ani, ambele din satul Brani\u0219tea, \u0219i un b\u0103iat, de 19 ani, din municipiul Giurgiu, pasageri \u00een autoturism.<\/p>\n<p style=\"text-align: justify;\">Cei trei tineri au fost transporta\u021bi la spital pentru acordarea de \u00eengrijiri medicale.<\/p>\n<p style=\"text-align: justify;\">Se efectueaz\u0103 cercet\u0103ri sub aspectul comiterii infrac\u021biunilor de ucidere din culpa \u0219i v\u0103t\u0103mare corporal\u0103 din culp\u0103.<\/p>\n<p><a href=\"https:\/\/www.giurgiuveanul.ro\/stiri\/wp-content\/uploads\/2021\/04\/170154994_2573507089624582_5546900613611609354_n.jpg\"><img loading=\"lazy\" decoding=\"async\" class=\"aligncenter size-large wp-image-78829\" src=\"https:\/\/www.giurgiuveanul.ro\/stiri\/wp-content\/uploads\/2021\/04\/170154994_2573507089624582_5546900613611609354_n-560x334.jpg\" alt=\"\" width=\"560\" height=\"334\" srcset=\"https:\/\/www.giurgiuveanul.ro\/stiri\/wp-content\/uploads\/2021\/04\/170154994_2573507089624582_5546900613611609354_n-560x334.jpg 560w, https:\/\/www.giurgiuveanul.ro\/stiri\/wp-content\/uploads\/2021\/04\/170154994_2573507089624582_5546900613611609354_n-250x149.jpg 250w, https:\/\/www.giurgiuveanul.ro\/stiri\/wp-content\/uploads\/2021\/04\/170154994_2573507089624582_5546900613611609354_n-768x459.jpg 768w, https:\/\/www.giurgiuveanul.ro\/stiri\/wp-content\/uploads\/2021\/04\/170154994_2573507089624582_5546900613611609354_n-400x239.jpg 400w, https:\/\/www.giurgiuveanul.ro\/stiri\/wp-content\/uploads\/2021\/04\/170154994_2573507089624582_5546900613611609354_n.jpg 1184w\" sizes=\"auto, (max-width: 560px) 100vw, 560px\" \/><\/a><\/p>\n<p><a href=\"https:\/\/www.giurgiuveanul.ro\/stiri\/wp-content\/uploads\/2021\/04\/169861465_5807776009236343_3307477011005732396_n.jpg\"><img loading=\"lazy\" decoding=\"async\" class=\"aligncenter  wp-image-78830\" src=\"https:\/\/www.giurgiuveanul.ro\/stiri\/wp-content\/uploads\/2021\/04\/169861465_5807776009236343_3307477011005732396_n-475x450.jpg\" alt=\"\" width=\"549\" height=\"520\" srcset=\"https:\/\/www.giurgiuveanul.ro\/stiri\/wp-content\/uploads\/2021\/04\/169861465_5807776009236343_3307477011005732396_n-475x450.jpg 475w, https:\/\/www.giurgiuveanul.ro\/stiri\/wp-content\/uploads\/2021\/04\/169861465_5807776009236343_3307477011005732396_n-250x237.jpg 250w, https:\/\/www.giurgiuveanul.ro\/stiri\/wp-content\/uploads\/2021\/04\/169861465_5807776009236343_3307477011005732396_n-768x727.jpg 768w, https:\/\/www.giurgiuveanul.ro\/stiri\/wp-content\/uploads\/2021\/04\/169861465_5807776009236343_3307477011005732396_n-400x379.jpg 400w, https:\/\/www.giurgiuveanul.ro\/stiri\/wp-content\/uploads\/2021\/04\/169861465_5807776009236343_3307477011005732396_n.jpg 1200w\" sizes=\"auto, (max-width: 549px) 100vw, 549px\" \/><\/a><\/p>\n","protected":false},"excerpt":{"rendered":"<p>Asear\u0103, la ora 21.20,<\/p>\n","protected":false},"author":1,"featured_media":0,"comment_status":"open","ping_status":"open","sticky":false,"template":"","format":"standard","meta":{"footnotes":""},"categories":[6],"tags":[],"class_list":["post-78827","post","type-post","status-publish","format-standard","hentry","category-breaking-news"],"_links":{"self":[{"href":"https:\/\/www.giurgiuveanul.ro\/stiri\/wp-json\/wp\/v2\/posts\/78827","targetHints":{"allow":["GET"]}}],"collection":[{"href":"https:\/\/www.giurgiuveanul.ro\/stiri\/wp-json\/wp\/v2\/posts"}],"about":[{"href":"https:\/\/www.giurgiuveanul.ro\/stiri\/wp-json\/wp\/v2\/types\/post"}],"author":[{"embeddable":true,"href":"https:\/\/www.giurgiuveanul.ro\/stiri\/wp-json\/wp\/v2\/users\/1"}],"replies":[{"embeddable":true,"href":"https:\/\/www.giurgiuveanul.ro\/stiri\/wp-json\/wp\/v2\/comments?post=78827"}],"version-history":[{"count":0,"href":"https:\/\/www.giurgiuveanul.ro\/stiri\/wp-json\/wp\/v2\/posts\/78827\/revisions"}],"wp:attachment":[{"href":"https:\/\/www.giurgiuveanul.ro\/stiri\/wp-json\/wp\/v2\/media?parent=78827"}],"wp:term":[{"taxonomy":"category","embeddable":true,"href":"https:\/\/www.giurgiuveanul.ro\/stiri\/wp-json\/wp\/v2\/categories?post=78827"},{"taxonomy":"post_tag","embeddable":true,"href":"https:\/\/www.giurgiuveanul.ro\/stiri\/wp-json\/wp\/v2\/tags?post=78827"}],"curies":[{"name":"wp","href":"https:\/\/api.w.org\/{rel}","templated":true}]}}