{"id":78880,"date":"2021-04-08T17:08:27","date_gmt":"2021-04-08T14:08:27","guid":{"rendered":"https:\/\/www.giurgiuveanul.ro\/stiri\/?p=78880"},"modified":"2021-04-08T17:12:05","modified_gmt":"2021-04-08T14:12:05","slug":"campania-nationala-de-informare-vaccinare-si-testare-pentru-invatare-lansata-astazi-la-giurgiu","status":"publish","type":"post","link":"https:\/\/www.giurgiuveanul.ro\/stiri\/campania-nationala-de-informare-vaccinare-si-testare-pentru-invatare-lansata-astazi-la-giurgiu\/","title":{"rendered":"Campania Na\u021bional\u0103 de Informare \u201dVaccinare \u0219i testare pentru \u00eenv\u0103\u021bare\u201d, lansat\u0103 ast\u0103zi la Giurgiu"},"content":{"rendered":"<p style=\"text-align: justify;\"><strong><a href=\"https:\/\/www.giurgiuveanul.ro\/stiri\/wp-content\/uploads\/2021\/04\/WhatsApp-Image-2021-04-08-at-16.39.11-2.jpeg\"><img loading=\"lazy\" decoding=\"async\" class=\"aligncenter wp-image-78881\" src=\"https:\/\/www.giurgiuveanul.ro\/stiri\/wp-content\/uploads\/2021\/04\/WhatsApp-Image-2021-04-08-at-16.39.11-2-402x450.jpeg\" alt=\"\" width=\"574\" height=\"642\" srcset=\"https:\/\/www.giurgiuveanul.ro\/stiri\/wp-content\/uploads\/2021\/04\/WhatsApp-Image-2021-04-08-at-16.39.11-2-402x450.jpeg 402w, https:\/\/www.giurgiuveanul.ro\/stiri\/wp-content\/uploads\/2021\/04\/WhatsApp-Image-2021-04-08-at-16.39.11-2-250x280.jpeg 250w, https:\/\/www.giurgiuveanul.ro\/stiri\/wp-content\/uploads\/2021\/04\/WhatsApp-Image-2021-04-08-at-16.39.11-2-768x859.jpeg 768w, https:\/\/www.giurgiuveanul.ro\/stiri\/wp-content\/uploads\/2021\/04\/WhatsApp-Image-2021-04-08-at-16.39.11-2-1374x1536.jpeg 1374w, https:\/\/www.giurgiuveanul.ro\/stiri\/wp-content\/uploads\/2021\/04\/WhatsApp-Image-2021-04-08-at-16.39.11-2-400x447.jpeg 400w, https:\/\/www.giurgiuveanul.ro\/stiri\/wp-content\/uploads\/2021\/04\/WhatsApp-Image-2021-04-08-at-16.39.11-2.jpeg 1431w\" sizes=\"auto, (max-width: 574px) 100vw, 574px\" \/><\/a>Ast\u0103zi, 8 aprilie a.c., la sediul<!--more--> Inspectoratului \u0218colar Jude\u021bean Giurgiu a avut loc lansarea Campaniei Na\u021bionale de Informare \u201dVaccinare \u0219i testare pentru \u00eenv\u0103\u021bare\u201d, organizat\u0103 de Ministerul Educa\u021biei, campanie ce are ca scop principal informarea elevilor, a cadrelor didactice \u0219i a p\u0103rin\u021bilor, cu privire la importan\u021ba \u0219i necesitatea diminu\u0103rii efectelor pandemiei de Covid-19 prin vaccinarea voluntar\u0103 a personalului din \u00eenv\u0103\u021b\u0103m\u00e2nt \u0219i testarea elevilor.<\/strong><\/p>\n<p style=\"text-align: justify;\">Evenimentul a fost prezidat de <strong>ministrul secretar de stat, Maria Manea,<\/strong> printre participan\u021bi num\u0103r\u00e2ndu-se <strong>prefectul jude\u021bului Giurgiu, Aneta Matei<\/strong>, <strong>inspectorul general \u0219colar al I\u0218J Giurgiu, profesor Adelina S\u00eerbu<\/strong>, <strong>directorul Direc\u021biei de S\u0103n\u0103tate Public\u0103 Giurgiu, doctor Iulian Stoenescu<\/strong>, reprezenta\u021bi ai unit\u0103\u021bilor \u0219i institu\u021biilor de \u00eenv\u0103\u021b\u0103m\u00e2nt din municipiu \u0219i din jude\u021b \u0219i, nu \u00een ultimul r\u00e2nd, ai elevilor \u0219i ai p\u0103rin\u021bilor.<\/p>\n<p><a href=\"https:\/\/www.giurgiuveanul.ro\/stiri\/wp-content\/uploads\/2021\/04\/WhatsApp-Image-2021-04-08-at-16.39.11-1.jpeg\"><img loading=\"lazy\" decoding=\"async\" class=\"aligncenter size-large wp-image-78882\" src=\"https:\/\/www.giurgiuveanul.ro\/stiri\/wp-content\/uploads\/2021\/04\/WhatsApp-Image-2021-04-08-at-16.39.11-1-560x326.jpeg\" alt=\"\" width=\"560\" height=\"326\" srcset=\"https:\/\/www.giurgiuveanul.ro\/stiri\/wp-content\/uploads\/2021\/04\/WhatsApp-Image-2021-04-08-at-16.39.11-1-560x326.jpeg 560w, https:\/\/www.giurgiuveanul.ro\/stiri\/wp-content\/uploads\/2021\/04\/WhatsApp-Image-2021-04-08-at-16.39.11-1-250x146.jpeg 250w, https:\/\/www.giurgiuveanul.ro\/stiri\/wp-content\/uploads\/2021\/04\/WhatsApp-Image-2021-04-08-at-16.39.11-1-768x447.jpeg 768w, https:\/\/www.giurgiuveanul.ro\/stiri\/wp-content\/uploads\/2021\/04\/WhatsApp-Image-2021-04-08-at-16.39.11-1-1536x895.jpeg 1536w, https:\/\/www.giurgiuveanul.ro\/stiri\/wp-content\/uploads\/2021\/04\/WhatsApp-Image-2021-04-08-at-16.39.11-1-400x233.jpeg 400w, https:\/\/www.giurgiuveanul.ro\/stiri\/wp-content\/uploads\/2021\/04\/WhatsApp-Image-2021-04-08-at-16.39.11-1.jpeg 1600w\" sizes=\"auto, (max-width: 560px) 100vw, 560px\" \/><\/a> <a href=\"https:\/\/www.giurgiuveanul.ro\/stiri\/wp-content\/uploads\/2021\/04\/WhatsApp-Image-2021-04-08-at-16.39.11.jpeg\"><img loading=\"lazy\" decoding=\"async\" class=\"aligncenter size-large wp-image-78883\" src=\"https:\/\/www.giurgiuveanul.ro\/stiri\/wp-content\/uploads\/2021\/04\/WhatsApp-Image-2021-04-08-at-16.39.11-560x386.jpeg\" alt=\"\" width=\"560\" height=\"386\" srcset=\"https:\/\/www.giurgiuveanul.ro\/stiri\/wp-content\/uploads\/2021\/04\/WhatsApp-Image-2021-04-08-at-16.39.11-560x386.jpeg 560w, https:\/\/www.giurgiuveanul.ro\/stiri\/wp-content\/uploads\/2021\/04\/WhatsApp-Image-2021-04-08-at-16.39.11-250x173.jpeg 250w, https:\/\/www.giurgiuveanul.ro\/stiri\/wp-content\/uploads\/2021\/04\/WhatsApp-Image-2021-04-08-at-16.39.11-768x530.jpeg 768w, https:\/\/www.giurgiuveanul.ro\/stiri\/wp-content\/uploads\/2021\/04\/WhatsApp-Image-2021-04-08-at-16.39.11-1536x1060.jpeg 1536w, https:\/\/www.giurgiuveanul.ro\/stiri\/wp-content\/uploads\/2021\/04\/WhatsApp-Image-2021-04-08-at-16.39.11-400x276.jpeg 400w, https:\/\/www.giurgiuveanul.ro\/stiri\/wp-content\/uploads\/2021\/04\/WhatsApp-Image-2021-04-08-at-16.39.11.jpeg 1600w\" sizes=\"auto, (max-width: 560px) 100vw, 560px\" \/><\/a> <a href=\"https:\/\/www.giurgiuveanul.ro\/stiri\/wp-content\/uploads\/2021\/04\/WhatsApp-Image-2021-04-08-at-16.39.17.jpeg\"><img loading=\"lazy\" decoding=\"async\" class=\"aligncenter size-large wp-image-78884\" src=\"https:\/\/www.giurgiuveanul.ro\/stiri\/wp-content\/uploads\/2021\/04\/WhatsApp-Image-2021-04-08-at-16.39.17-560x231.jpeg\" alt=\"\" width=\"560\" height=\"231\" srcset=\"https:\/\/www.giurgiuveanul.ro\/stiri\/wp-content\/uploads\/2021\/04\/WhatsApp-Image-2021-04-08-at-16.39.17-560x231.jpeg 560w, https:\/\/www.giurgiuveanul.ro\/stiri\/wp-content\/uploads\/2021\/04\/WhatsApp-Image-2021-04-08-at-16.39.17-250x103.jpeg 250w, https:\/\/www.giurgiuveanul.ro\/stiri\/wp-content\/uploads\/2021\/04\/WhatsApp-Image-2021-04-08-at-16.39.17-768x316.jpeg 768w, https:\/\/www.giurgiuveanul.ro\/stiri\/wp-content\/uploads\/2021\/04\/WhatsApp-Image-2021-04-08-at-16.39.17-1536x633.jpeg 1536w, https:\/\/www.giurgiuveanul.ro\/stiri\/wp-content\/uploads\/2021\/04\/WhatsApp-Image-2021-04-08-at-16.39.17-400x165.jpeg 400w, https:\/\/www.giurgiuveanul.ro\/stiri\/wp-content\/uploads\/2021\/04\/WhatsApp-Image-2021-04-08-at-16.39.17.jpeg 1600w\" sizes=\"auto, (max-width: 560px) 100vw, 560px\" \/><\/a><\/p>\n<p style=\"text-align: justify;\">\u00cen cadrul \u00eent\u00e2lnirii au fost analizate aspecte de interes pentru desf\u0103\u0219urarea activit\u0103\u021bilor \u00een sistemul de \u00eenv\u0103\u021b\u0103m\u00e2nt, precum: preg\u0103tirea pentru sus\u021binerea examenelor na\u021bionale \u0219i a activit\u0103\u021bilor de recuperare a pierderilor generate de predarea online, transportul elevilor, formarea continu\u0103 a cadrelor didactice, dezvoltarea competen\u021belor digitale \u0219i digitalizarea educa\u021biei. De asemenea, au fost analizate probleme specifice pentru elevi, studen\u021bi \u0219i cadre didactice, c\u0103rora le-au fost ascultate opiniile, dolean\u021bele \u0219i eventuale propuneri pe care le-au avut \u00een ceea ce prive\u0219te domeniul lor de interes.<\/p>\n<p><a href=\"https:\/\/www.giurgiuveanul.ro\/stiri\/wp-content\/uploads\/2021\/04\/4.jpeg\"><img loading=\"lazy\" decoding=\"async\" class=\"aligncenter  wp-image-78886\" src=\"https:\/\/www.giurgiuveanul.ro\/stiri\/wp-content\/uploads\/2021\/04\/4-479x450.jpeg\" alt=\"\" width=\"550\" height=\"517\" srcset=\"https:\/\/www.giurgiuveanul.ro\/stiri\/wp-content\/uploads\/2021\/04\/4-479x450.jpeg 479w, https:\/\/www.giurgiuveanul.ro\/stiri\/wp-content\/uploads\/2021\/04\/4-250x235.jpeg 250w, https:\/\/www.giurgiuveanul.ro\/stiri\/wp-content\/uploads\/2021\/04\/4-768x722.jpeg 768w, https:\/\/www.giurgiuveanul.ro\/stiri\/wp-content\/uploads\/2021\/04\/4-1536x1444.jpeg 1536w, https:\/\/www.giurgiuveanul.ro\/stiri\/wp-content\/uploads\/2021\/04\/4-400x376.jpeg 400w, https:\/\/www.giurgiuveanul.ro\/stiri\/wp-content\/uploads\/2021\/04\/4.jpeg 1600w\" sizes=\"auto, (max-width: 550px) 100vw, 550px\" \/><\/a><\/p>\n<p style=\"text-align: justify;\">Cu acest prilej, prefectul Aneta Matei a dorit s\u0103 sublinieze importan\u021ba vaccin\u0103rii personalului din \u00eenv\u0103\u021b\u0103m\u00e2nt, care, al\u0103turi de respectarea celorlalte m\u0103suri de protec\u021bie sanitar\u0103, reprezint\u0103 o modalitate eficient\u0103 de a limita efectele pandemiei \u0219i de a restabili normalitatea la nivel educa\u021bional.<\/p>\n","protected":false},"excerpt":{"rendered":"<p>Ast\u0103zi, 8 aprilie a.c., la sediul<\/p>\n","protected":false},"author":1,"featured_media":0,"comment_status":"open","ping_status":"open","sticky":false,"template":"","format":"standard","meta":{"footnotes":""},"categories":[8],"tags":[],"class_list":["post-78880","post","type-post","status-publish","format-standard","hentry","category-alert-news"],"_links":{"self":[{"href":"https:\/\/www.giurgiuveanul.ro\/stiri\/wp-json\/wp\/v2\/posts\/78880","targetHints":{"allow":["GET"]}}],"collection":[{"href":"https:\/\/www.giurgiuveanul.ro\/stiri\/wp-json\/wp\/v2\/posts"}],"about":[{"href":"https:\/\/www.giurgiuveanul.ro\/stiri\/wp-json\/wp\/v2\/types\/post"}],"author":[{"embeddable":true,"href":"https:\/\/www.giurgiuveanul.ro\/stiri\/wp-json\/wp\/v2\/users\/1"}],"replies":[{"embeddable":true,"href":"https:\/\/www.giurgiuveanul.ro\/stiri\/wp-json\/wp\/v2\/comments?post=78880"}],"version-history":[{"count":0,"href":"https:\/\/www.giurgiuveanul.ro\/stiri\/wp-json\/wp\/v2\/posts\/78880\/revisions"}],"wp:attachment":[{"href":"https:\/\/www.giurgiuveanul.ro\/stiri\/wp-json\/wp\/v2\/media?parent=78880"}],"wp:term":[{"taxonomy":"category","embeddable":true,"href":"https:\/\/www.giurgiuveanul.ro\/stiri\/wp-json\/wp\/v2\/categories?post=78880"},{"taxonomy":"post_tag","embeddable":true,"href":"https:\/\/www.giurgiuveanul.ro\/stiri\/wp-json\/wp\/v2\/tags?post=78880"}],"curies":[{"name":"wp","href":"https:\/\/api.w.org\/{rel}","templated":true}]}}