{"id":78889,"date":"2021-04-08T17:29:48","date_gmt":"2021-04-08T14:29:48","guid":{"rendered":"https:\/\/www.giurgiuveanul.ro\/stiri\/?p=78889"},"modified":"2021-04-08T18:12:46","modified_gmt":"2021-04-08T15:12:46","slug":"accidentul-de-la-comasca-a-mai-facut-o-victima-in-urma-cu-putin-timp-s-a-stins-din-viata-ana-maria-cosmina-magureanu","status":"publish","type":"post","link":"https:\/\/www.giurgiuveanul.ro\/stiri\/accidentul-de-la-comasca-a-mai-facut-o-victima-in-urma-cu-putin-timp-s-a-stins-din-viata-ana-maria-cosmina-magureanu\/","title":{"rendered":"Accidentul de la Comasca a mai f\u0103cut o victim\u0103: \u00cen urm\u0103 cu pu\u0163in timp, s-a stins din via\u0163\u0103 Ana Maria Cosmina M\u0103gureanu&#8230;"},"content":{"rendered":"<p><a href=\"https:\/\/www.giurgiuveanul.ro\/stiri\/wp-content\/uploads\/2021\/04\/170745512_2793533827626820_3975687901456309313_n-1.jpg\"><img loading=\"lazy\" decoding=\"async\" class=\"aligncenter wp-image-78890\" src=\"https:\/\/www.giurgiuveanul.ro\/stiri\/wp-content\/uploads\/2021\/04\/170745512_2793533827626820_3975687901456309313_n-1-404x450.jpg\" alt=\"\" width=\"576\" height=\"642\" srcset=\"https:\/\/www.giurgiuveanul.ro\/stiri\/wp-content\/uploads\/2021\/04\/170745512_2793533827626820_3975687901456309313_n-1-404x450.jpg 404w, https:\/\/www.giurgiuveanul.ro\/stiri\/wp-content\/uploads\/2021\/04\/170745512_2793533827626820_3975687901456309313_n-1-250x279.jpg 250w, https:\/\/www.giurgiuveanul.ro\/stiri\/wp-content\/uploads\/2021\/04\/170745512_2793533827626820_3975687901456309313_n-1-768x857.jpg 768w, https:\/\/www.giurgiuveanul.ro\/stiri\/wp-content\/uploads\/2021\/04\/170745512_2793533827626820_3975687901456309313_n-1-400x446.jpg 400w, https:\/\/www.giurgiuveanul.ro\/stiri\/wp-content\/uploads\/2021\/04\/170745512_2793533827626820_3975687901456309313_n-1.jpg 807w\" sizes=\"auto, (max-width: 576px) 100vw, 576px\" \/><\/a>Bilan\u021bul victimelor accidentului produs la Comasca, la data de 6 aprilie curent, a ajuns la<!--more--> dou\u0103 persoane.<\/p>\n<p>\u00cen urm\u0103 cu pu\u0163in timp, t\u00e2n\u0103ra <strong>Ana Maria Cosmina M\u0103gureanu<\/strong> a pierdut lupta cu moartea. Ea s-a stins din via\u0163\u0103 la Spitalul \u201eBagdasar Arseni\u201d din Bucure\u015fti. Anun\u0163ul a fost f\u0103cut public de tat\u0103l fetei, pe contul s\u0103u de Facebook.<\/p>\n<p>Cosmina, cum \u00eei spuneau prietenii, \u00eemplinea 20 de ani pe 5 iunie&#8230;<\/p>\n<p><em>Dumnezeu s-o odihneasc\u0103 \u00een pace.<\/em><\/p>\n","protected":false},"excerpt":{"rendered":"<p>Bilan\u021bul victimelor accidentului produs la Comasca, la data de 6 aprilie curent, a ajuns la<\/p>\n","protected":false},"author":1,"featured_media":0,"comment_status":"open","ping_status":"open","sticky":false,"template":"","format":"standard","meta":{"footnotes":""},"categories":[6],"tags":[],"class_list":["post-78889","post","type-post","status-publish","format-standard","hentry","category-breaking-news"],"_links":{"self":[{"href":"https:\/\/www.giurgiuveanul.ro\/stiri\/wp-json\/wp\/v2\/posts\/78889","targetHints":{"allow":["GET"]}}],"collection":[{"href":"https:\/\/www.giurgiuveanul.ro\/stiri\/wp-json\/wp\/v2\/posts"}],"about":[{"href":"https:\/\/www.giurgiuveanul.ro\/stiri\/wp-json\/wp\/v2\/types\/post"}],"author":[{"embeddable":true,"href":"https:\/\/www.giurgiuveanul.ro\/stiri\/wp-json\/wp\/v2\/users\/1"}],"replies":[{"embeddable":true,"href":"https:\/\/www.giurgiuveanul.ro\/stiri\/wp-json\/wp\/v2\/comments?post=78889"}],"version-history":[{"count":0,"href":"https:\/\/www.giurgiuveanul.ro\/stiri\/wp-json\/wp\/v2\/posts\/78889\/revisions"}],"wp:attachment":[{"href":"https:\/\/www.giurgiuveanul.ro\/stiri\/wp-json\/wp\/v2\/media?parent=78889"}],"wp:term":[{"taxonomy":"category","embeddable":true,"href":"https:\/\/www.giurgiuveanul.ro\/stiri\/wp-json\/wp\/v2\/categories?post=78889"},{"taxonomy":"post_tag","embeddable":true,"href":"https:\/\/www.giurgiuveanul.ro\/stiri\/wp-json\/wp\/v2\/tags?post=78889"}],"curies":[{"name":"wp","href":"https:\/\/api.w.org\/{rel}","templated":true}]}}