{"id":78900,"date":"2021-04-09T14:58:10","date_gmt":"2021-04-09T11:58:10","guid":{"rendered":"https:\/\/www.giurgiuveanul.ro\/stiri\/?p=78900"},"modified":"2021-04-09T14:58:10","modified_gmt":"2021-04-09T11:58:10","slug":"ultima-ora-un-ciclist-si-a-pierdut-viata-intr-un-accident-rutier-pe-dn-5","status":"publish","type":"post","link":"https:\/\/www.giurgiuveanul.ro\/stiri\/ultima-ora-un-ciclist-si-a-pierdut-viata-intr-un-accident-rutier-pe-dn-5\/","title":{"rendered":"ULTIMA OR\u0102. Un ciclist \u015fi-a pierdut via\u0163a \u00eentr-un ACCIDENT RUTIER pe DN 5"},"content":{"rendered":"<p style=\"text-align: justify;\"><a href=\"https:\/\/www.giurgiuveanul.ro\/stiri\/wp-content\/uploads\/2021\/04\/AA0A0416-1.jpg\"><img loading=\"lazy\" decoding=\"async\" class=\"aligncenter size-large wp-image-78901\" src=\"https:\/\/www.giurgiuveanul.ro\/stiri\/wp-content\/uploads\/2021\/04\/AA0A0416-1-560x386.jpg\" alt=\"\" width=\"560\" height=\"386\" srcset=\"https:\/\/www.giurgiuveanul.ro\/stiri\/wp-content\/uploads\/2021\/04\/AA0A0416-1-560x386.jpg 560w, https:\/\/www.giurgiuveanul.ro\/stiri\/wp-content\/uploads\/2021\/04\/AA0A0416-1-250x172.jpg 250w, https:\/\/www.giurgiuveanul.ro\/stiri\/wp-content\/uploads\/2021\/04\/AA0A0416-1-768x529.jpg 768w, https:\/\/www.giurgiuveanul.ro\/stiri\/wp-content\/uploads\/2021\/04\/AA0A0416-1-400x276.jpg 400w, https:\/\/www.giurgiuveanul.ro\/stiri\/wp-content\/uploads\/2021\/04\/AA0A0416-1.jpg 800w\" sizes=\"auto, (max-width: 560px) 100vw, 560px\" \/><\/a>\u00cen aceast\u0103 dup\u0103-amiaz\u0103, pe D.N. 5, \u00een<!--more--> afara localit\u0103\u021bii Aduna\u021bii Cop\u0103ceni, jude\u021bul Giurgiu, a avut loc un eveniment rutier \u00een care a fost implicat un ciclist \u0219i un autoturism condus de c\u0103tre o femeie, de 35 de ani, din municipiul Giurgiu, potrivit IPJ.<\/p>\n<p style=\"text-align: justify;\">\u00cen urma evenimentului rutier, a rezultat decesul ciclistului.<\/p>\n<p style=\"text-align: justify;\">Femeia a fost testat\u0103 cu aparatul alcooltest, rezultatul fiind 0.<\/p>\n<p style=\"text-align: justify;\">Poli\u021bi\u0219tii continu\u0103 cercet\u0103rile \u00een vederea stabilirii \u00eemprejur\u0103rilor \u00een care s-a produs accidentul \u0219i identific\u0103rii ciclistului.<\/p>\n","protected":false},"excerpt":{"rendered":"<p>\u00cen aceast\u0103 dup\u0103-amiaz\u0103, pe D.N. 5, \u00een<\/p>\n","protected":false},"author":1,"featured_media":0,"comment_status":"open","ping_status":"open","sticky":false,"template":"","format":"standard","meta":{"footnotes":""},"categories":[6],"tags":[],"class_list":["post-78900","post","type-post","status-publish","format-standard","hentry","category-breaking-news"],"_links":{"self":[{"href":"https:\/\/www.giurgiuveanul.ro\/stiri\/wp-json\/wp\/v2\/posts\/78900","targetHints":{"allow":["GET"]}}],"collection":[{"href":"https:\/\/www.giurgiuveanul.ro\/stiri\/wp-json\/wp\/v2\/posts"}],"about":[{"href":"https:\/\/www.giurgiuveanul.ro\/stiri\/wp-json\/wp\/v2\/types\/post"}],"author":[{"embeddable":true,"href":"https:\/\/www.giurgiuveanul.ro\/stiri\/wp-json\/wp\/v2\/users\/1"}],"replies":[{"embeddable":true,"href":"https:\/\/www.giurgiuveanul.ro\/stiri\/wp-json\/wp\/v2\/comments?post=78900"}],"version-history":[{"count":0,"href":"https:\/\/www.giurgiuveanul.ro\/stiri\/wp-json\/wp\/v2\/posts\/78900\/revisions"}],"wp:attachment":[{"href":"https:\/\/www.giurgiuveanul.ro\/stiri\/wp-json\/wp\/v2\/media?parent=78900"}],"wp:term":[{"taxonomy":"category","embeddable":true,"href":"https:\/\/www.giurgiuveanul.ro\/stiri\/wp-json\/wp\/v2\/categories?post=78900"},{"taxonomy":"post_tag","embeddable":true,"href":"https:\/\/www.giurgiuveanul.ro\/stiri\/wp-json\/wp\/v2\/tags?post=78900"}],"curies":[{"name":"wp","href":"https:\/\/api.w.org\/{rel}","templated":true}]}}