{"id":78930,"date":"2021-04-10T20:30:02","date_gmt":"2021-04-10T17:30:02","guid":{"rendered":"https:\/\/www.giurgiuveanul.ro\/stiri\/?p=78930"},"modified":"2021-04-10T20:30:19","modified_gmt":"2021-04-10T17:30:19","slug":"isu-incendiu-de-autoturism-in-vama-giurgiu-foto","status":"publish","type":"post","link":"https:\/\/www.giurgiuveanul.ro\/stiri\/isu-incendiu-de-autoturism-in-vama-giurgiu-foto\/","title":{"rendered":"ISU. Incendiu de autoturism \u00een Vama Giurgiu (FOTO)"},"content":{"rendered":"<p style=\"text-align: justify;\"><a href=\"https:\/\/www.giurgiuveanul.ro\/stiri\/wp-content\/uploads\/2021\/04\/171505851_154216399847348_8896316711685830258_n.jpg\"><img loading=\"lazy\" decoding=\"async\" class=\"aligncenter wp-image-78931\" src=\"https:\/\/www.giurgiuveanul.ro\/stiri\/wp-content\/uploads\/2021\/04\/171505851_154216399847348_8896316711685830258_n-469x450.jpg\" alt=\"\" width=\"568\" height=\"545\" srcset=\"https:\/\/www.giurgiuveanul.ro\/stiri\/wp-content\/uploads\/2021\/04\/171505851_154216399847348_8896316711685830258_n-469x450.jpg 469w, https:\/\/www.giurgiuveanul.ro\/stiri\/wp-content\/uploads\/2021\/04\/171505851_154216399847348_8896316711685830258_n-250x240.jpg 250w, https:\/\/www.giurgiuveanul.ro\/stiri\/wp-content\/uploads\/2021\/04\/171505851_154216399847348_8896316711685830258_n-768x737.jpg 768w, https:\/\/www.giurgiuveanul.ro\/stiri\/wp-content\/uploads\/2021\/04\/171505851_154216399847348_8896316711685830258_n-400x384.jpg 400w, https:\/\/www.giurgiuveanul.ro\/stiri\/wp-content\/uploads\/2021\/04\/171505851_154216399847348_8896316711685830258_n.jpg 1200w\" sizes=\"auto, (max-width: 568px) 100vw, 568px\" \/><\/a>Pompierii giurgiuveni au intervenit, \u00een aceast\u0103 sear\u0103, pentru<!--more--> stingerea unui incendiu izbucnit la un autoturism. Evenimentul a avut loc \u00een Vama Giurgiu, \u00een apropiere de sta\u021bia de taxare, proprietarul autoturismului fiind un cet\u0103\u021bean bulgar. Poli\u021bi\u0219tii de frontier\u0103 au observat c\u0103 iese fum de la motor \u0219i au anun\u021bat pompierii.<\/p>\n<p style=\"text-align: justify;\">La fa\u021ba locului s-au deplasat dou\u0103 echipaje din cadrul Deta\u0219amentului Giurgiu, respectiv o autospecial\u0103 de stingere cu ap\u0103 \u0219i spum\u0103 \u0219i un echipaj de descarcerare. Pompierii au constatat c\u0103 ardeau materiale combustibile de la compartimentul motor \u0219i au intervenit rapid astfel \u00eenc\u00e2t fl\u0103c\u0103rile s\u0103 nu se extind\u0103.<\/p>\n<p><a href=\"https:\/\/www.giurgiuveanul.ro\/stiri\/wp-content\/uploads\/2021\/04\/172262068_462714041714654_3208501179165079778_n.jpg\"><img loading=\"lazy\" decoding=\"async\" class=\"aligncenter size-large wp-image-78932\" src=\"https:\/\/www.giurgiuveanul.ro\/stiri\/wp-content\/uploads\/2021\/04\/172262068_462714041714654_3208501179165079778_n-430x450.jpg\" alt=\"\" width=\"430\" height=\"450\" srcset=\"https:\/\/www.giurgiuveanul.ro\/stiri\/wp-content\/uploads\/2021\/04\/172262068_462714041714654_3208501179165079778_n-430x450.jpg 430w, https:\/\/www.giurgiuveanul.ro\/stiri\/wp-content\/uploads\/2021\/04\/172262068_462714041714654_3208501179165079778_n-250x262.jpg 250w, https:\/\/www.giurgiuveanul.ro\/stiri\/wp-content\/uploads\/2021\/04\/172262068_462714041714654_3208501179165079778_n-768x804.jpg 768w, https:\/\/www.giurgiuveanul.ro\/stiri\/wp-content\/uploads\/2021\/04\/172262068_462714041714654_3208501179165079778_n-400x419.jpg 400w, https:\/\/www.giurgiuveanul.ro\/stiri\/wp-content\/uploads\/2021\/04\/172262068_462714041714654_3208501179165079778_n.jpg 1200w\" sizes=\"auto, (max-width: 430px) 100vw, 430px\" \/><\/a><\/p>\n<p style=\"text-align: justify;\">Cel mai probabil incendiul a fost provocat de un scurtcircuit.<\/p>\n<p>&nbsp;<\/p>\n<p>Informare preventiv\u0103:<\/p>\n<p>Pentru a preveni astfel de evenimente, v\u0103 recomand\u0103m respectarea<\/p>\n<p>urm\u0103toarelor m\u0103suri:<\/p>\n<p>&#8211; verifica\u0163i instala\u0163ia electric\u0103;<\/p>\n<p>&#8211; nu face\u021bi improviza\u021bii la instala\u021bia electric\u0103;<\/p>\n<p>&#8211; asigura\u0163i-v\u0103 c\u0103 echipamentele de iluminat electric nu sunt defecte sau<\/p>\n<p>neizolate;<\/p>\n<p>&#8211; verifica\u0163i dac\u0103 apar eventuale scurgeri de carburan\u021bi sau lubrifian\u021bi;<\/p>\n<p>&#8211; verifica\u021bi perioada de valabilitate a sting\u0103torului din autovehicul.<\/p>\n","protected":false},"excerpt":{"rendered":"<p>Pompierii giurgiuveni au intervenit, \u00een aceast\u0103 sear\u0103, pentru<\/p>\n","protected":false},"author":1,"featured_media":0,"comment_status":"open","ping_status":"open","sticky":false,"template":"","format":"standard","meta":{"footnotes":""},"categories":[6],"tags":[],"class_list":["post-78930","post","type-post","status-publish","format-standard","hentry","category-breaking-news"],"_links":{"self":[{"href":"https:\/\/www.giurgiuveanul.ro\/stiri\/wp-json\/wp\/v2\/posts\/78930","targetHints":{"allow":["GET"]}}],"collection":[{"href":"https:\/\/www.giurgiuveanul.ro\/stiri\/wp-json\/wp\/v2\/posts"}],"about":[{"href":"https:\/\/www.giurgiuveanul.ro\/stiri\/wp-json\/wp\/v2\/types\/post"}],"author":[{"embeddable":true,"href":"https:\/\/www.giurgiuveanul.ro\/stiri\/wp-json\/wp\/v2\/users\/1"}],"replies":[{"embeddable":true,"href":"https:\/\/www.giurgiuveanul.ro\/stiri\/wp-json\/wp\/v2\/comments?post=78930"}],"version-history":[{"count":0,"href":"https:\/\/www.giurgiuveanul.ro\/stiri\/wp-json\/wp\/v2\/posts\/78930\/revisions"}],"wp:attachment":[{"href":"https:\/\/www.giurgiuveanul.ro\/stiri\/wp-json\/wp\/v2\/media?parent=78930"}],"wp:term":[{"taxonomy":"category","embeddable":true,"href":"https:\/\/www.giurgiuveanul.ro\/stiri\/wp-json\/wp\/v2\/categories?post=78930"},{"taxonomy":"post_tag","embeddable":true,"href":"https:\/\/www.giurgiuveanul.ro\/stiri\/wp-json\/wp\/v2\/tags?post=78930"}],"curies":[{"name":"wp","href":"https:\/\/api.w.org\/{rel}","templated":true}]}}