{"id":78957,"date":"2021-04-11T18:52:46","date_gmt":"2021-04-11T15:52:46","guid":{"rendered":"https:\/\/www.giurgiuveanul.ro\/stiri\/?p=78957"},"modified":"2021-04-11T19:05:31","modified_gmt":"2021-04-11T16:05:31","slug":"strigatul-disperat-al-unei-politiste-din-giurgiu-hai-s-o-ajutam-si-noi-pe-marinela-ion","status":"publish","type":"post","link":"https:\/\/www.giurgiuveanul.ro\/stiri\/strigatul-disperat-al-unei-politiste-din-giurgiu-hai-s-o-ajutam-si-noi-pe-marinela-ion\/","title":{"rendered":"Strig\u0103tul disperat al unei poli\u021biste din Giurgiu&#8230; Hai s-o ajut\u0103m (\u015fi noi) pe Marinela Ion!"},"content":{"rendered":"<p style=\"text-align: justify;\"><strong><a href=\"https:\/\/www.giurgiuveanul.ro\/stiri\/wp-content\/uploads\/2021\/04\/172173014_807790460088693_7715350499189566148_n.jpg\"><img loading=\"lazy\" decoding=\"async\" class=\"aligncenter wp-image-78958\" src=\"https:\/\/www.giurgiuveanul.ro\/stiri\/wp-content\/uploads\/2021\/04\/172173014_807790460088693_7715350499189566148_n-449x450.jpg\" alt=\"\" width=\"571\" height=\"572\" srcset=\"https:\/\/www.giurgiuveanul.ro\/stiri\/wp-content\/uploads\/2021\/04\/172173014_807790460088693_7715350499189566148_n-449x450.jpg 449w, https:\/\/www.giurgiuveanul.ro\/stiri\/wp-content\/uploads\/2021\/04\/172173014_807790460088693_7715350499189566148_n-250x250.jpg 250w, https:\/\/www.giurgiuveanul.ro\/stiri\/wp-content\/uploads\/2021\/04\/172173014_807790460088693_7715350499189566148_n-200x200.jpg 200w, https:\/\/www.giurgiuveanul.ro\/stiri\/wp-content\/uploads\/2021\/04\/172173014_807790460088693_7715350499189566148_n-400x401.jpg 400w, https:\/\/www.giurgiuveanul.ro\/stiri\/wp-content\/uploads\/2021\/04\/172173014_807790460088693_7715350499189566148_n.jpg 720w\" sizes=\"auto, (max-width: 571px) 100vw, 571px\" \/><\/a>Colega noastr\u0103, Ion Marinela, din cadrul Politiei Municipiului Giurgiu &#8211; Inspectoratul de Poli\u0163ie Jude\u0163ean Giurgiu,<!--more--> urma sa fie operat\u0103 de urgen\u021b\u0103 la Spitalul Foi\u0219or din Bucure\u0219ti, dar degringolada creat\u0103 \u00een\u00a0 urm\u0103 cu c\u00e2teva zile, c\u00e2nd unitatea spitaliceasc\u0103 a fost transformat\u0103 \u00eentr-una exclusiv Covid, i-au n\u0103ruit acesteia\u00a0 orice speran\u021b\u0103<\/strong>, arat\u0103 sindicatul EUROPOL.<\/p>\n<p style=\"text-align: justify;\">Costurile pentru o astfel de interven\u021bie chirurgical\u0103 la o clinic\u0103 privat\u0103 din Rom\u00e2nia\u00a0 dep\u0103\u0219esc 10.000 de euro, ceea ce e cu mult peste puterea financiar\u0103 a colegei noastre, iar o eventual\u0103\u00a0 nou\u0103 programare la un alt spital de stat din Rom\u00e2nia ar fi de durat\u0103, de cel pu\u021bin 4-5 luni, \u00eent\u00e2rziere ce i-ar agrava starea de s\u0103n\u0103tate \u0219i care i-ar putea fi fatal\u0103.<\/p>\n<p style=\"text-align: justify;\">Aceasta mai are o speran\u021b\u0103, interven\u021bia la o clinic\u0103 de specialitate din Turcia, unde costurile ar ajunge la aproximativ 6000 euro. Interven\u021bia presupune implantarea unei proteze \u0219i a unor \u0219uruburi de sus\u021binere a coloanei, c\u00e2t\u00a0 \u0219i interven\u021bia asupra unor stenoze \u0219i a unor opera\u021bii anterioare care \u00een timp au creat alte probleme.<\/p>\n<p style=\"text-align: justify;\">Situa\u021bia colegei noastre este una urgent\u0103\u00a0 pentru c\u0103 \u00een cazul in care nu efectueaz\u0103 opera\u021bia, exista riscul de paralizie a membrelor inferioare, iar fiica ei de numai 13 ani are nevoie de ea mai mult ca oric\u00e2nd . Pentru c\u0103 dar\u00a0 din dar\u00a0 se face rai, haide\u021bi s\u0103 d\u0103m o speran\u021b\u0103 colegei noastre, s\u0103 aducem z\u00e2mbetul pe buzele unei mame disperate, unei poli\u021biste care \u00ee\u0219i dore\u0219te s\u0103 tr\u0103iasc\u0103 normal.<\/p>\n<p style=\"text-align: justify;\">Orice sum\u0103 donat\u0103 poate fi de ajutor acesteia, dona\u021biile put\u00e2nd fi f\u0103cute \u00een <strong>contul\u00a0 RO40RNCB0145037091530004,<\/strong> deschis pe numele surorii sale, <strong>Ion Mihaela (0771.504.266)<\/strong> la<strong> Banca Comercial\u0103 Rom\u00e2n\u0103.<\/strong><\/p>\n","protected":false},"excerpt":{"rendered":"<p>Colega noastr\u0103, Ion Marinela, din cadrul Politiei Municipiului Giurgiu &#8211; Inspectoratul de Poli\u0163ie Jude\u0163ean Giurgiu,<\/p>\n","protected":false},"author":1,"featured_media":0,"comment_status":"open","ping_status":"open","sticky":false,"template":"","format":"standard","meta":{"footnotes":""},"categories":[6],"tags":[],"class_list":["post-78957","post","type-post","status-publish","format-standard","hentry","category-breaking-news"],"_links":{"self":[{"href":"https:\/\/www.giurgiuveanul.ro\/stiri\/wp-json\/wp\/v2\/posts\/78957","targetHints":{"allow":["GET"]}}],"collection":[{"href":"https:\/\/www.giurgiuveanul.ro\/stiri\/wp-json\/wp\/v2\/posts"}],"about":[{"href":"https:\/\/www.giurgiuveanul.ro\/stiri\/wp-json\/wp\/v2\/types\/post"}],"author":[{"embeddable":true,"href":"https:\/\/www.giurgiuveanul.ro\/stiri\/wp-json\/wp\/v2\/users\/1"}],"replies":[{"embeddable":true,"href":"https:\/\/www.giurgiuveanul.ro\/stiri\/wp-json\/wp\/v2\/comments?post=78957"}],"version-history":[{"count":0,"href":"https:\/\/www.giurgiuveanul.ro\/stiri\/wp-json\/wp\/v2\/posts\/78957\/revisions"}],"wp:attachment":[{"href":"https:\/\/www.giurgiuveanul.ro\/stiri\/wp-json\/wp\/v2\/media?parent=78957"}],"wp:term":[{"taxonomy":"category","embeddable":true,"href":"https:\/\/www.giurgiuveanul.ro\/stiri\/wp-json\/wp\/v2\/categories?post=78957"},{"taxonomy":"post_tag","embeddable":true,"href":"https:\/\/www.giurgiuveanul.ro\/stiri\/wp-json\/wp\/v2\/tags?post=78957"}],"curies":[{"name":"wp","href":"https:\/\/api.w.org\/{rel}","templated":true}]}}