{"id":79082,"date":"2021-04-15T15:30:19","date_gmt":"2021-04-15T12:30:19","guid":{"rendered":"https:\/\/www.giurgiuveanul.ro\/stiri\/?p=79082"},"modified":"2021-04-15T15:30:47","modified_gmt":"2021-04-15T12:30:47","slug":"casa-in-flacari-la-vanatorii-mari-au-intervenit-pompierii-de-la-garda-roata-de-jos-foto","status":"publish","type":"post","link":"https:\/\/www.giurgiuveanul.ro\/stiri\/casa-in-flacari-la-vanatorii-mari-au-intervenit-pompierii-de-la-garda-roata-de-jos-foto\/","title":{"rendered":"Cas\u0103 \u00een fl\u0103c\u0103ri, la V\u00e2n\u0103torii Mari. Au intervenit pompierii de la Garda Roata de Jos (FOTO)"},"content":{"rendered":"<p style=\"text-align: justify;\"><a href=\"https:\/\/www.giurgiuveanul.ro\/stiri\/wp-content\/uploads\/2021\/04\/incendiu-V-Mari-2.jpg\"><img loading=\"lazy\" decoding=\"async\" class=\"aligncenter wp-image-79083\" src=\"https:\/\/www.giurgiuveanul.ro\/stiri\/wp-content\/uploads\/2021\/04\/incendiu-V-Mari-2-402x450.jpg\" alt=\"\" width=\"547\" height=\"612\" srcset=\"https:\/\/www.giurgiuveanul.ro\/stiri\/wp-content\/uploads\/2021\/04\/incendiu-V-Mari-2-402x450.jpg 402w, https:\/\/www.giurgiuveanul.ro\/stiri\/wp-content\/uploads\/2021\/04\/incendiu-V-Mari-2-250x280.jpg 250w, https:\/\/www.giurgiuveanul.ro\/stiri\/wp-content\/uploads\/2021\/04\/incendiu-V-Mari-2-768x860.jpg 768w, https:\/\/www.giurgiuveanul.ro\/stiri\/wp-content\/uploads\/2021\/04\/incendiu-V-Mari-2-400x448.jpg 400w, https:\/\/www.giurgiuveanul.ro\/stiri\/wp-content\/uploads\/2021\/04\/incendiu-V-Mari-2.jpg 1198w\" sizes=\"auto, (max-width: 547px) 100vw, 547px\" \/><\/a>Pompierii giurgiuveni au intervenit la stingerea unui incendiu izbucnit la o cas\u0103<!--more--> din localitatea V\u00e2n\u0103torii Mari. La fa\u021ba locului s-au deplasat pompierii din cadrul G\u0103rzii de Interven\u021bie Roata de Jos, cu dou\u0103 autospeciale de stingere cu ap\u0103 \u0219i spum\u0103, precum \u0219i o cistern\u0103 de la Serviciul Voluntar pentru Situa\u021bii de Urgen\u021b\u0103 din comuna V\u00e2n\u0103torii Mici.<\/p>\n<p style=\"text-align: justify;\">Pompierii au constatat faptul c\u0103 incendiul se manifesta violent la acoperi\u0219ul casei \u0219i \u00een dou\u0103 camere \u0219i au ac\u021bionat pentru localizarea \u0219i stingerea acestuia.<\/p>\n<p style=\"text-align: justify;\">\u00cen incendiu au ars acoperi\u0219ul casei, pe o suprafa\u021b\u0103 de aproximativ 35 mp, mobilierul din dou\u0103 camere \u0219i electrocasnice.<\/p>\n<p style=\"text-align: justify;\">Cel mai pobabil incendiul a fost provocat de un scurtcircuit (cablu electric defect, neizolat corespunz\u0103tor sau cu izola\u021bia deteriorat\u0103).<\/p>\n","protected":false},"excerpt":{"rendered":"<p>Pompierii giurgiuveni au intervenit la stingerea unui incendiu izbucnit la o cas\u0103<\/p>\n","protected":false},"author":1,"featured_media":0,"comment_status":"open","ping_status":"open","sticky":false,"template":"","format":"standard","meta":{"footnotes":""},"categories":[6],"tags":[],"class_list":["post-79082","post","type-post","status-publish","format-standard","hentry","category-breaking-news"],"_links":{"self":[{"href":"https:\/\/www.giurgiuveanul.ro\/stiri\/wp-json\/wp\/v2\/posts\/79082","targetHints":{"allow":["GET"]}}],"collection":[{"href":"https:\/\/www.giurgiuveanul.ro\/stiri\/wp-json\/wp\/v2\/posts"}],"about":[{"href":"https:\/\/www.giurgiuveanul.ro\/stiri\/wp-json\/wp\/v2\/types\/post"}],"author":[{"embeddable":true,"href":"https:\/\/www.giurgiuveanul.ro\/stiri\/wp-json\/wp\/v2\/users\/1"}],"replies":[{"embeddable":true,"href":"https:\/\/www.giurgiuveanul.ro\/stiri\/wp-json\/wp\/v2\/comments?post=79082"}],"version-history":[{"count":0,"href":"https:\/\/www.giurgiuveanul.ro\/stiri\/wp-json\/wp\/v2\/posts\/79082\/revisions"}],"wp:attachment":[{"href":"https:\/\/www.giurgiuveanul.ro\/stiri\/wp-json\/wp\/v2\/media?parent=79082"}],"wp:term":[{"taxonomy":"category","embeddable":true,"href":"https:\/\/www.giurgiuveanul.ro\/stiri\/wp-json\/wp\/v2\/categories?post=79082"},{"taxonomy":"post_tag","embeddable":true,"href":"https:\/\/www.giurgiuveanul.ro\/stiri\/wp-json\/wp\/v2\/tags?post=79082"}],"curies":[{"name":"wp","href":"https:\/\/api.w.org\/{rel}","templated":true}]}}