{"id":79120,"date":"2021-04-16T16:05:19","date_gmt":"2021-04-16T13:05:19","guid":{"rendered":"https:\/\/www.giurgiuveanul.ro\/stiri\/?p=79120"},"modified":"2021-04-16T16:06:10","modified_gmt":"2021-04-16T13:06:10","slug":"doi-tineri-au-fost-arestati-preventiv-pentru-comiterea-unor-fapte-de-violenta","status":"publish","type":"post","link":"https:\/\/www.giurgiuveanul.ro\/stiri\/doi-tineri-au-fost-arestati-preventiv-pentru-comiterea-unor-fapte-de-violenta\/","title":{"rendered":"Doi tineri au fost aresta\u021bi preventiv pentru comiterea unor fapte de violen\u021b\u0103"},"content":{"rendered":"<p style=\"text-align: justify;\"><strong><a href=\"https:\/\/www.giurgiuveanul.ro\/stiri\/wp-content\/uploads\/2021\/04\/handcuffs-2102488_1280-e1547226447929.jpg\"><img loading=\"lazy\" decoding=\"async\" class=\"aligncenter wp-image-79121\" src=\"https:\/\/www.giurgiuveanul.ro\/stiri\/wp-content\/uploads\/2021\/04\/handcuffs-2102488_1280-e1547226447929-560x315.jpg\" alt=\"\" width=\"574\" height=\"323\" srcset=\"https:\/\/www.giurgiuveanul.ro\/stiri\/wp-content\/uploads\/2021\/04\/handcuffs-2102488_1280-e1547226447929-560x315.jpg 560w, https:\/\/www.giurgiuveanul.ro\/stiri\/wp-content\/uploads\/2021\/04\/handcuffs-2102488_1280-e1547226447929-250x141.jpg 250w, https:\/\/www.giurgiuveanul.ro\/stiri\/wp-content\/uploads\/2021\/04\/handcuffs-2102488_1280-e1547226447929-768x432.jpg 768w, https:\/\/www.giurgiuveanul.ro\/stiri\/wp-content\/uploads\/2021\/04\/handcuffs-2102488_1280-e1547226447929-400x225.jpg 400w, https:\/\/www.giurgiuveanul.ro\/stiri\/wp-content\/uploads\/2021\/04\/handcuffs-2102488_1280-e1547226447929.jpg 1100w\" sizes=\"auto, (max-width: 574px) 100vw, 574px\" \/><\/a>Poli\u021bi\u0219tii<!--more--> Sec\u021biei Nr. 4 de Poli\u021bie Rural\u0103 Ghimpa\u021bi, sub coordonarea Parchetului de pe l\u00e2ng\u0103 Judec\u0103toria Giurgiu, au probat \u0219i documentat activit\u0103\u021bile infrac\u021bionale desf\u0103\u0219urate de c\u0103tre doi tineri, de 25 \u0219i 29 de ani, ambii din comuna Orbeasca, jude\u021bul Teleorman.<\/strong><\/p>\n<p style=\"text-align: justify;\">Din cercet\u0103rile efectuate s-a stabilit faptul c\u0103 cei doi tineri, at\u00e2t individual c\u00e2t \u0219i \u00eempreun\u0103, \u00een perioada 14-22 martie a.c., au comis asupra a 4 persoane mai multe fapte de natur\u0103 penal\u0103 const\u00e2nd \u00een lovire, amenin\u021bare, lipsire de libertate, \u0219antaj \u0219i tulburarea ordinii \u0219i lini\u0219tii publice.<\/p>\n<p style=\"text-align: justify;\">Faptele de natur\u0103 penal\u0103 au fost comise pe raza comunei Izvoarele, jude\u021bul Giurgiu, \u00een incinta unei societ\u0103\u021bi comerciale \u0219i la domiciliul unuia dintre cei doi tineri.<\/p>\n<p style=\"text-align: justify;\">La data de 15 aprilie a.c., cei doi tineri au fost re\u021binu\u021bi pentru 24 de ore, ulterior judec\u0103torul de drepturi \u0219i libert\u0103\u021bi din cadrul Judec\u0103toriei Giurgiu a dispus m\u0103sura arest\u0103rii preventive pentru 30 de zile, fiind introdu\u0219i \u00een Centrul de Re\u021binere \u0219i Arest Preventiv Giurgiu.<\/p>\n","protected":false},"excerpt":{"rendered":"<p>Poli\u021bi\u0219tii<\/p>\n","protected":false},"author":1,"featured_media":0,"comment_status":"open","ping_status":"open","sticky":false,"template":"","format":"standard","meta":{"footnotes":""},"categories":[6],"tags":[],"class_list":["post-79120","post","type-post","status-publish","format-standard","hentry","category-breaking-news"],"_links":{"self":[{"href":"https:\/\/www.giurgiuveanul.ro\/stiri\/wp-json\/wp\/v2\/posts\/79120","targetHints":{"allow":["GET"]}}],"collection":[{"href":"https:\/\/www.giurgiuveanul.ro\/stiri\/wp-json\/wp\/v2\/posts"}],"about":[{"href":"https:\/\/www.giurgiuveanul.ro\/stiri\/wp-json\/wp\/v2\/types\/post"}],"author":[{"embeddable":true,"href":"https:\/\/www.giurgiuveanul.ro\/stiri\/wp-json\/wp\/v2\/users\/1"}],"replies":[{"embeddable":true,"href":"https:\/\/www.giurgiuveanul.ro\/stiri\/wp-json\/wp\/v2\/comments?post=79120"}],"version-history":[{"count":0,"href":"https:\/\/www.giurgiuveanul.ro\/stiri\/wp-json\/wp\/v2\/posts\/79120\/revisions"}],"wp:attachment":[{"href":"https:\/\/www.giurgiuveanul.ro\/stiri\/wp-json\/wp\/v2\/media?parent=79120"}],"wp:term":[{"taxonomy":"category","embeddable":true,"href":"https:\/\/www.giurgiuveanul.ro\/stiri\/wp-json\/wp\/v2\/categories?post=79120"},{"taxonomy":"post_tag","embeddable":true,"href":"https:\/\/www.giurgiuveanul.ro\/stiri\/wp-json\/wp\/v2\/tags?post=79120"}],"curies":[{"name":"wp","href":"https:\/\/api.w.org\/{rel}","templated":true}]}}