{"id":79152,"date":"2021-04-17T18:32:03","date_gmt":"2021-04-17T15:32:03","guid":{"rendered":"https:\/\/www.giurgiuveanul.ro\/stiri\/?p=79152"},"modified":"2021-04-17T18:32:38","modified_gmt":"2021-04-17T15:32:38","slug":"incendiu-violent-intr-o-gospodarie-s-a-intamplat-in-aceasta-dupa-amiaza-la-pietrele-foto","status":"publish","type":"post","link":"https:\/\/www.giurgiuveanul.ro\/stiri\/incendiu-violent-intr-o-gospodarie-s-a-intamplat-in-aceasta-dupa-amiaza-la-pietrele-foto\/","title":{"rendered":"Incendiu violent \u00eentr-o gospod\u0103rie. S-a \u00eent\u00e2mplat \u00een aceast\u0103 dup\u0103-amiaz\u0103, la Pietrele (FOTO)"},"content":{"rendered":"<p style=\"text-align: justify;\"><strong><a href=\"https:\/\/www.giurgiuveanul.ro\/stiri\/wp-content\/uploads\/2021\/04\/1-7.jpg\"><img loading=\"lazy\" decoding=\"async\" class=\"aligncenter  wp-image-79153\" src=\"https:\/\/www.giurgiuveanul.ro\/stiri\/wp-content\/uploads\/2021\/04\/1-7-560x327.jpg\" alt=\"\" width=\"587\" height=\"343\" srcset=\"https:\/\/www.giurgiuveanul.ro\/stiri\/wp-content\/uploads\/2021\/04\/1-7-560x327.jpg 560w, https:\/\/www.giurgiuveanul.ro\/stiri\/wp-content\/uploads\/2021\/04\/1-7-250x146.jpg 250w, https:\/\/www.giurgiuveanul.ro\/stiri\/wp-content\/uploads\/2021\/04\/1-7-768x448.jpg 768w, https:\/\/www.giurgiuveanul.ro\/stiri\/wp-content\/uploads\/2021\/04\/1-7-400x234.jpg 400w, https:\/\/www.giurgiuveanul.ro\/stiri\/wp-content\/uploads\/2021\/04\/1-7.jpg 1334w\" sizes=\"auto, (max-width: 587px) 100vw, 587px\" \/><\/a>Dup\u0103 ce a dat foc<!--more--> unor gunoaie \u00een gospod\u0103rie, o femeie din localitatea Pietrele a intrat \u00een cas\u0103, f\u0103r\u0103 s\u0103 \u00ee\u0219i dea seama de pericolul unui incendiu.\u00a0 Sc\u00e2nteile purtate de v\u00e2nt au aprins anexele \u0219i locuin\u021ba, iar fl\u0103c\u0103rile au fost observate t\u00e2rziu. Femeia \u0219i fiul acesteia au reu\u0219it s\u0103 ias\u0103 din cas\u0103 \u0219i au cerut ajutor,<\/strong> <em>informeaz\u0103 ISU Giurgiu.<\/em><\/p>\n<p style=\"text-align: justify;\">S-a \u00eent\u00e2mplat \u00een aceast\u0103 dup\u0103-amiaz\u0103.<\/p>\n<p style=\"text-align: justify;\">La fa\u021ba locului s-au deplasat dou\u0103 autospeciale de stingere cu ap\u0103 \u0219i spum\u0103, o cistern\u0103 \u0219i o ambulan\u021b\u0103 SMURD din cadrul Deta\u0219amentului Giurgiu, G\u0103rzii de Interven\u021bie Coliba\u0219i \u0219i Punctului de Lucru Greaca. Ace\u0219tia au constatat c\u0103 incendiul se manifesta violent la \u00eentreaga locuin\u021b\u0103, arderea fiind \u00eentre\u021binut\u0103 de v\u00e2nt.<\/p>\n<p><a href=\"https:\/\/www.giurgiuveanul.ro\/stiri\/wp-content\/uploads\/2021\/04\/2-9.jpg\"><img loading=\"lazy\" decoding=\"async\" class=\"aligncenter wp-image-79154\" src=\"https:\/\/www.giurgiuveanul.ro\/stiri\/wp-content\/uploads\/2021\/04\/2-9-534x450.jpg\" alt=\"\" width=\"557\" height=\"469\" srcset=\"https:\/\/www.giurgiuveanul.ro\/stiri\/wp-content\/uploads\/2021\/04\/2-9-534x450.jpg 534w, https:\/\/www.giurgiuveanul.ro\/stiri\/wp-content\/uploads\/2021\/04\/2-9-250x211.jpg 250w, https:\/\/www.giurgiuveanul.ro\/stiri\/wp-content\/uploads\/2021\/04\/2-9-768x647.jpg 768w, https:\/\/www.giurgiuveanul.ro\/stiri\/wp-content\/uploads\/2021\/04\/2-9-400x337.jpg 400w, https:\/\/www.giurgiuveanul.ro\/stiri\/wp-content\/uploads\/2021\/04\/2-9.jpg 1200w\" sizes=\"auto, (max-width: 557px) 100vw, 557px\" \/><\/a> <a href=\"https:\/\/www.giurgiuveanul.ro\/stiri\/wp-content\/uploads\/2021\/04\/3-7.jpg\"><img loading=\"lazy\" decoding=\"async\" class=\"aligncenter size-large wp-image-79155\" src=\"https:\/\/www.giurgiuveanul.ro\/stiri\/wp-content\/uploads\/2021\/04\/3-7-560x315.jpg\" alt=\"\" width=\"560\" height=\"315\" srcset=\"https:\/\/www.giurgiuveanul.ro\/stiri\/wp-content\/uploads\/2021\/04\/3-7-560x315.jpg 560w, https:\/\/www.giurgiuveanul.ro\/stiri\/wp-content\/uploads\/2021\/04\/3-7-250x141.jpg 250w, https:\/\/www.giurgiuveanul.ro\/stiri\/wp-content\/uploads\/2021\/04\/3-7-768x432.jpg 768w, https:\/\/www.giurgiuveanul.ro\/stiri\/wp-content\/uploads\/2021\/04\/3-7-1536x864.jpg 1536w, https:\/\/www.giurgiuveanul.ro\/stiri\/wp-content\/uploads\/2021\/04\/3-7-400x225.jpg 400w, https:\/\/www.giurgiuveanul.ro\/stiri\/wp-content\/uploads\/2021\/04\/3-7.jpg 1600w\" sizes=\"auto, (max-width: 560px) 100vw, 560px\" \/><\/a> <a href=\"https:\/\/www.giurgiuveanul.ro\/stiri\/wp-content\/uploads\/2021\/04\/4-8.jpg\"><img loading=\"lazy\" decoding=\"async\" class=\"aligncenter wp-image-79156\" src=\"https:\/\/www.giurgiuveanul.ro\/stiri\/wp-content\/uploads\/2021\/04\/4-8-338x450.jpg\" alt=\"\" width=\"537\" height=\"715\" srcset=\"https:\/\/www.giurgiuveanul.ro\/stiri\/wp-content\/uploads\/2021\/04\/4-8-338x450.jpg 338w, https:\/\/www.giurgiuveanul.ro\/stiri\/wp-content\/uploads\/2021\/04\/4-8-225x300.jpg 225w, https:\/\/www.giurgiuveanul.ro\/stiri\/wp-content\/uploads\/2021\/04\/4-8-768x1024.jpg 768w, https:\/\/www.giurgiuveanul.ro\/stiri\/wp-content\/uploads\/2021\/04\/4-8-1152x1536.jpg 1152w, https:\/\/www.giurgiuveanul.ro\/stiri\/wp-content\/uploads\/2021\/04\/4-8-400x533.jpg 400w, https:\/\/www.giurgiuveanul.ro\/stiri\/wp-content\/uploads\/2021\/04\/4-8.jpg 1200w\" sizes=\"auto, (max-width: 537px) 100vw, 537px\" \/><\/a> <a href=\"https:\/\/www.giurgiuveanul.ro\/stiri\/wp-content\/uploads\/2021\/04\/5-7.jpg\"><img loading=\"lazy\" decoding=\"async\" class=\"aligncenter wp-image-79157\" src=\"https:\/\/www.giurgiuveanul.ro\/stiri\/wp-content\/uploads\/2021\/04\/5-7-253x450.jpg\" alt=\"\" width=\"534\" height=\"950\" srcset=\"https:\/\/www.giurgiuveanul.ro\/stiri\/wp-content\/uploads\/2021\/04\/5-7-253x450.jpg 253w, https:\/\/www.giurgiuveanul.ro\/stiri\/wp-content\/uploads\/2021\/04\/5-7-169x300.jpg 169w, https:\/\/www.giurgiuveanul.ro\/stiri\/wp-content\/uploads\/2021\/04\/5-7-768x1365.jpg 768w, https:\/\/www.giurgiuveanul.ro\/stiri\/wp-content\/uploads\/2021\/04\/5-7-864x1536.jpg 864w, https:\/\/www.giurgiuveanul.ro\/stiri\/wp-content\/uploads\/2021\/04\/5-7-338x600.jpg 338w, https:\/\/www.giurgiuveanul.ro\/stiri\/wp-content\/uploads\/2021\/04\/5-7.jpg 900w\" sizes=\"auto, (max-width: 534px) 100vw, 534px\" \/><\/a><\/p>\n<p style=\"text-align: justify;\">Au ars acoperi\u0219ul casei \u0219i al anexelor, pe o suprafa\u021b\u0103 de aproximativ 50 mp, u\u0219i, mobilier, articole textile, materialul lemnos folosit la construc\u0163ia anexelor \u0219i s-au deteriorat pere\u021bii din paiant\u0103, tavanele, dar \u0219i alte bunuri pe care familia le avea \u00een dou\u0103 camere.<\/p>\n<p style=\"text-align: justify;\">Pentru a preveni astfel de evenimente, trebuie respectate urm\u0103toarele m\u0103suri:<\/p>\n<p style=\"text-align: justify;\">&#8211; arderea resturilor vegetale, a gunoaielor \u015fi a altor materiale combustibile trebuie s\u0103 se fac\u0103 \u00een locuri special amenajate, numai pe timp de zi \u0219i \u00een condi\u0163ii meteorologice f\u0103r\u0103 v\u00e2nt;<\/p>\n<p style=\"text-align: justify;\">&#8211; trebuie adoptate m\u0103surile necesare pentru \u00eempiedicarea propag\u0103rii focului la vecin\u0103t\u0103\u0163i;<\/p>\n<p style=\"text-align: justify;\">&#8211; arderea trebuie supravegheat\u0103 \u00een permanen\u021b\u0103, iar jarul s\u0103 fie stins dup\u0103 terminarea activit\u0103\u0163ii;<\/p>\n<p style=\"text-align: justify;\">&#8211; trebuie asigurate mijloacele \u015fi materialele pentru stingerea eventualelor incendii, c\u00e2t mai aproape de locul arderii;<\/p>\n<p style=\"text-align: justify;\">&#8211; acoperirea focarelor cu p\u0103m\u00e2nt este interzis\u0103.<\/p>\n","protected":false},"excerpt":{"rendered":"<p>Dup\u0103 ce a dat foc<\/p>\n","protected":false},"author":1,"featured_media":0,"comment_status":"open","ping_status":"open","sticky":false,"template":"","format":"standard","meta":{"footnotes":""},"categories":[6],"tags":[],"class_list":["post-79152","post","type-post","status-publish","format-standard","hentry","category-breaking-news"],"_links":{"self":[{"href":"https:\/\/www.giurgiuveanul.ro\/stiri\/wp-json\/wp\/v2\/posts\/79152","targetHints":{"allow":["GET"]}}],"collection":[{"href":"https:\/\/www.giurgiuveanul.ro\/stiri\/wp-json\/wp\/v2\/posts"}],"about":[{"href":"https:\/\/www.giurgiuveanul.ro\/stiri\/wp-json\/wp\/v2\/types\/post"}],"author":[{"embeddable":true,"href":"https:\/\/www.giurgiuveanul.ro\/stiri\/wp-json\/wp\/v2\/users\/1"}],"replies":[{"embeddable":true,"href":"https:\/\/www.giurgiuveanul.ro\/stiri\/wp-json\/wp\/v2\/comments?post=79152"}],"version-history":[{"count":0,"href":"https:\/\/www.giurgiuveanul.ro\/stiri\/wp-json\/wp\/v2\/posts\/79152\/revisions"}],"wp:attachment":[{"href":"https:\/\/www.giurgiuveanul.ro\/stiri\/wp-json\/wp\/v2\/media?parent=79152"}],"wp:term":[{"taxonomy":"category","embeddable":true,"href":"https:\/\/www.giurgiuveanul.ro\/stiri\/wp-json\/wp\/v2\/categories?post=79152"},{"taxonomy":"post_tag","embeddable":true,"href":"https:\/\/www.giurgiuveanul.ro\/stiri\/wp-json\/wp\/v2\/tags?post=79152"}],"curies":[{"name":"wp","href":"https:\/\/api.w.org\/{rel}","templated":true}]}}