{"id":79207,"date":"2021-04-20T17:37:49","date_gmt":"2021-04-20T14:37:49","guid":{"rendered":"https:\/\/www.giurgiuveanul.ro\/stiri\/?p=79207"},"modified":"2021-04-20T17:38:34","modified_gmt":"2021-04-20T14:38:34","slug":"primaria-giurgiu-programul-activitatilor-dedicate-zilei-orasului-22-si-23-aprilie-2021","status":"publish","type":"post","link":"https:\/\/www.giurgiuveanul.ro\/stiri\/primaria-giurgiu-programul-activitatilor-dedicate-zilei-orasului-22-si-23-aprilie-2021\/","title":{"rendered":"Prim\u0103ria Giurgiu: Programul activit\u0103\u021bilor dedicate Zilei Ora\u0219ului \u2013 22 \u015fi 23 aprilie 2021"},"content":{"rendered":"<p style=\"text-align: justify;\"><strong><a href=\"https:\/\/www.giurgiuveanul.ro\/stiri\/wp-content\/uploads\/2021\/04\/148568_sf-mare-mucenic-gheorghe.jpg\"><img loading=\"lazy\" decoding=\"async\" class=\"aligncenter wp-image-79208\" src=\"https:\/\/www.giurgiuveanul.ro\/stiri\/wp-content\/uploads\/2021\/04\/148568_sf-mare-mucenic-gheorghe-338x450.jpg\" alt=\"\" width=\"578\" height=\"769\" srcset=\"https:\/\/www.giurgiuveanul.ro\/stiri\/wp-content\/uploads\/2021\/04\/148568_sf-mare-mucenic-gheorghe-338x450.jpg 338w, https:\/\/www.giurgiuveanul.ro\/stiri\/wp-content\/uploads\/2021\/04\/148568_sf-mare-mucenic-gheorghe-225x300.jpg 225w, https:\/\/www.giurgiuveanul.ro\/stiri\/wp-content\/uploads\/2021\/04\/148568_sf-mare-mucenic-gheorghe-400x533.jpg 400w, https:\/\/www.giurgiuveanul.ro\/stiri\/wp-content\/uploads\/2021\/04\/148568_sf-mare-mucenic-gheorghe.jpg 450w\" sizes=\"auto, (max-width: 578px) 100vw, 578px\" \/><\/a>Organizatori:<!--more--> Centrul Cultural \u201dIon Vinea\u201d \u0219i Muzeul jude\u021bean \u201dTeohari Antonescu\u201d<\/strong><\/p>\n<p style=\"text-align: justify;\"><strong>22 APRILIE 2021 \u2013 Deschiderea Zilelor Ora\u0219ului<\/strong><\/p>\n<p style=\"text-align: justify;\">11:00-13:00 \u2013 Parcul Alei (foi\u0219or) \u2013 premiere cupluri 50 de ani c\u0103s\u0103torie<\/p>\n<p style=\"text-align: justify;\">17:00-18:00 \u2013 Parcul Alei, expozi\u021bie organizat\u0103 de Muzeul Jude\u021bean \u201dTeohari Antonescu\u201d \u0219i un concert de fanfar\u0103 oferit de orchestra Centrului Cultural \u201dIon Vinea\u201d;<\/p>\n<p style=\"text-align: justify;\"><strong>\u00a0<\/strong><\/p>\n<p style=\"text-align: justify;\"><strong>23 APRILIE 2021<\/strong><\/p>\n<p style=\"text-align: justify;\">09:30-12:00 \u2013 slujb\u0103 religioas\u0103 dedicat\u0103 Zilei Ora\u0219ului. Particip\u0103 primar, viceprimari,consilieri locali, parlamentari, autorit\u0103\u021bi jude\u021bene \u0219i locale;<\/p>\n<p style=\"text-align: justify;\">15:00-18:00 \u2013 Parcul Alei (foi\u0219or) \u0219edin\u021b\u0103 festiv\u0103 cu privire la evenimentele de \u00eenm\u00e2nare a unor diplome \u0219i premii, adolescen\u021bilor care \u00eemplinesc 18 ani \u00een ziua de 23 aprilie, a voluntarilor \u0219i tinerilor care au participat la diferite activit\u0103\u021bi specifice perioadei st\u0103rii de urgen\u021b\u0103 din anul 2020, premierea elevilor c\u00e2\u0219tig\u0103tori ai concursului de eseuri.<\/p>\n","protected":false},"excerpt":{"rendered":"<p>Organizatori:<\/p>\n","protected":false},"author":1,"featured_media":0,"comment_status":"open","ping_status":"open","sticky":false,"template":"","format":"standard","meta":{"footnotes":""},"categories":[8],"tags":[],"class_list":["post-79207","post","type-post","status-publish","format-standard","hentry","category-alert-news"],"_links":{"self":[{"href":"https:\/\/www.giurgiuveanul.ro\/stiri\/wp-json\/wp\/v2\/posts\/79207","targetHints":{"allow":["GET"]}}],"collection":[{"href":"https:\/\/www.giurgiuveanul.ro\/stiri\/wp-json\/wp\/v2\/posts"}],"about":[{"href":"https:\/\/www.giurgiuveanul.ro\/stiri\/wp-json\/wp\/v2\/types\/post"}],"author":[{"embeddable":true,"href":"https:\/\/www.giurgiuveanul.ro\/stiri\/wp-json\/wp\/v2\/users\/1"}],"replies":[{"embeddable":true,"href":"https:\/\/www.giurgiuveanul.ro\/stiri\/wp-json\/wp\/v2\/comments?post=79207"}],"version-history":[{"count":0,"href":"https:\/\/www.giurgiuveanul.ro\/stiri\/wp-json\/wp\/v2\/posts\/79207\/revisions"}],"wp:attachment":[{"href":"https:\/\/www.giurgiuveanul.ro\/stiri\/wp-json\/wp\/v2\/media?parent=79207"}],"wp:term":[{"taxonomy":"category","embeddable":true,"href":"https:\/\/www.giurgiuveanul.ro\/stiri\/wp-json\/wp\/v2\/categories?post=79207"},{"taxonomy":"post_tag","embeddable":true,"href":"https:\/\/www.giurgiuveanul.ro\/stiri\/wp-json\/wp\/v2\/tags?post=79207"}],"curies":[{"name":"wp","href":"https:\/\/api.w.org\/{rel}","templated":true}]}}