{"id":79240,"date":"2021-04-22T19:21:19","date_gmt":"2021-04-22T16:21:19","guid":{"rendered":"https:\/\/www.giurgiuveanul.ro\/stiri\/?p=79240"},"modified":"2021-04-22T19:21:19","modified_gmt":"2021-04-22T16:21:19","slug":"prefectura-giurgiu-au-murit-inca-cinci-persoane-confirmate-cu-covid-19-din-judetul-nostru-numarul-deceselor-a-ajuns-la-89","status":"publish","type":"post","link":"https:\/\/www.giurgiuveanul.ro\/stiri\/prefectura-giurgiu-au-murit-inca-cinci-persoane-confirmate-cu-covid-19-din-judetul-nostru-numarul-deceselor-a-ajuns-la-89\/","title":{"rendered":"PREFECTURA GIURGIU. Au murit \u00eenc\u0103 CINCI persoane confirmate cu Covid-19, din jude\u0163ul nostru. Num\u0103rul deceselor a ajuns la 89"},"content":{"rendered":"<p><a href=\"https:\/\/www.giurgiuveanul.ro\/stiri\/wp-content\/uploads\/2021\/04\/000-test-1-1-1.jpg\"><img loading=\"lazy\" decoding=\"async\" class=\"aligncenter size-large wp-image-78928\" src=\"https:\/\/www.giurgiuveanul.ro\/stiri\/wp-content\/uploads\/2021\/04\/000-test-1-1-1-560x373.jpg\" alt=\"\" width=\"560\" height=\"373\" srcset=\"https:\/\/www.giurgiuveanul.ro\/stiri\/wp-content\/uploads\/2021\/04\/000-test-1-1-1-560x373.jpg 560w, https:\/\/www.giurgiuveanul.ro\/stiri\/wp-content\/uploads\/2021\/04\/000-test-1-1-1-250x167.jpg 250w, https:\/\/www.giurgiuveanul.ro\/stiri\/wp-content\/uploads\/2021\/04\/000-test-1-1-1-768x512.jpg 768w, https:\/\/www.giurgiuveanul.ro\/stiri\/wp-content\/uploads\/2021\/04\/000-test-1-1-1-400x267.jpg 400w, https:\/\/www.giurgiuveanul.ro\/stiri\/wp-content\/uploads\/2021\/04\/000-test-1-1-1.jpg 1200w\" sizes=\"auto, (max-width: 560px) 100vw, 560px\" \/><\/a>\u00cen ultimele 24 de ore, au fost \u00eenregistrate CINCI decese ale<!--more--> unor persoane infectate cu noul coronavirus, din jude\u021bul Giurgiu. Cea mai t\u00e2n\u0103r\u0103 dintre acestea avea v\u00e2rsta de 65 de ani, iar cea mai \u00een v\u00e2rst\u0103 era de 80 de ani. Toate persoanele decedate prezentau comorbidit\u0103\u0163i, iar decesele s-au produs \u00een unita\u0163i spitalice\u015fti din jude\u0163ele Giurgiu, C\u0103l\u0103ra\u015fi \u015fi municipiul Bucure\u015fti.<\/p>\n<p>\u00cen prezent, <strong>num\u0103rul total al persoanelor decedate de COVID-19 din jude\u021bul Giurgiu este de 89<\/strong>, informeaz\u0103 Institu\u021bia Prefectului Jude\u021bul Giurgiu.<\/p>\n","protected":false},"excerpt":{"rendered":"<p>\u00cen ultimele 24 de ore, au fost \u00eenregistrate CINCI decese ale<\/p>\n","protected":false},"author":1,"featured_media":0,"comment_status":"open","ping_status":"open","sticky":false,"template":"","format":"standard","meta":{"footnotes":""},"categories":[6],"tags":[],"class_list":["post-79240","post","type-post","status-publish","format-standard","hentry","category-breaking-news"],"_links":{"self":[{"href":"https:\/\/www.giurgiuveanul.ro\/stiri\/wp-json\/wp\/v2\/posts\/79240","targetHints":{"allow":["GET"]}}],"collection":[{"href":"https:\/\/www.giurgiuveanul.ro\/stiri\/wp-json\/wp\/v2\/posts"}],"about":[{"href":"https:\/\/www.giurgiuveanul.ro\/stiri\/wp-json\/wp\/v2\/types\/post"}],"author":[{"embeddable":true,"href":"https:\/\/www.giurgiuveanul.ro\/stiri\/wp-json\/wp\/v2\/users\/1"}],"replies":[{"embeddable":true,"href":"https:\/\/www.giurgiuveanul.ro\/stiri\/wp-json\/wp\/v2\/comments?post=79240"}],"version-history":[{"count":0,"href":"https:\/\/www.giurgiuveanul.ro\/stiri\/wp-json\/wp\/v2\/posts\/79240\/revisions"}],"wp:attachment":[{"href":"https:\/\/www.giurgiuveanul.ro\/stiri\/wp-json\/wp\/v2\/media?parent=79240"}],"wp:term":[{"taxonomy":"category","embeddable":true,"href":"https:\/\/www.giurgiuveanul.ro\/stiri\/wp-json\/wp\/v2\/categories?post=79240"},{"taxonomy":"post_tag","embeddable":true,"href":"https:\/\/www.giurgiuveanul.ro\/stiri\/wp-json\/wp\/v2\/tags?post=79240"}],"curies":[{"name":"wp","href":"https:\/\/api.w.org\/{rel}","templated":true}]}}