{"id":79246,"date":"2021-04-22T20:19:01","date_gmt":"2021-04-22T17:19:01","guid":{"rendered":"https:\/\/www.giurgiuveanul.ro\/stiri\/?p=79246"},"modified":"2021-04-22T20:20:49","modified_gmt":"2021-04-22T17:20:49","slug":"22-aprilie-ziua-pamantului-2","status":"publish","type":"post","link":"https:\/\/www.giurgiuveanul.ro\/stiri\/22-aprilie-ziua-pamantului-2\/","title":{"rendered":"22 aprilie, Ziua P\u0103m\u00e2ntului"},"content":{"rendered":"<p style=\"text-align: justify;\"><strong><a href=\"https:\/\/www.giurgiuveanul.ro\/stiri\/wp-content\/uploads\/2021\/04\/cand-este-ziua-pamantului-1024x678-1.jpg\"><img loading=\"lazy\" decoding=\"async\" class=\"aligncenter wp-image-79247\" src=\"https:\/\/www.giurgiuveanul.ro\/stiri\/wp-content\/uploads\/2021\/04\/cand-este-ziua-pamantului-1024x678-1-560x371.jpg\" alt=\"\" width=\"574\" height=\"380\" srcset=\"https:\/\/www.giurgiuveanul.ro\/stiri\/wp-content\/uploads\/2021\/04\/cand-este-ziua-pamantului-1024x678-1-560x371.jpg 560w, https:\/\/www.giurgiuveanul.ro\/stiri\/wp-content\/uploads\/2021\/04\/cand-este-ziua-pamantului-1024x678-1-250x166.jpg 250w, https:\/\/www.giurgiuveanul.ro\/stiri\/wp-content\/uploads\/2021\/04\/cand-este-ziua-pamantului-1024x678-1-768x509.jpg 768w, https:\/\/www.giurgiuveanul.ro\/stiri\/wp-content\/uploads\/2021\/04\/cand-este-ziua-pamantului-1024x678-1-400x265.jpg 400w, https:\/\/www.giurgiuveanul.ro\/stiri\/wp-content\/uploads\/2021\/04\/cand-este-ziua-pamantului-1024x678-1.jpg 1024w\" sizes=\"auto, (max-width: 574px) 100vw, 574px\" \/><\/a>La 22 aprilie<!--more--> 1970 a luat na\u015ftere mi\u015fcarea pentru protejarea mediului, marc\u00e2ndu-se pentru prima dat\u0103 ziua P\u0103m\u00e2ntului prin manifesta\u0163ii \u00eempotriva polu\u0103rii pe \u00eentreg teritoriul Statelor Unite, la care au participat aproximativ 20 de milioane de americani.<\/strong><\/p>\n<p style=\"text-align: justify;\">Ca urmare a acestor manifesta\u0163ii, senatorii de la Washington au devenit con\u015ftien\u0163i de necesitatea adopt\u0103rii unei legisla\u0163ii corespunz\u0103toare pentru protec\u0163ia mediului \u00eenconjur\u0103tor.<\/p>\n<p style=\"text-align: justify;\">De atunci, \u00een fiecare an, aceast\u0103 zi a fost marcat\u0103 pentru a aduce \u00een aten\u0163ia oamenilor necesitatea protej\u0103rii mediului \u00eenconjur\u0103tor, pentru a con\u015ftientiza popula\u0163ia privind necesitatea conserv\u0103rii resurselor naturale ale lumii \u015fi pentru ca problematica ecologic\u0103 s\u0103 devin\u0103 parte integrant\u0103 a educa\u0163iei \u015fi culturii.<\/p>\n<p style=\"text-align: justify;\">Ziua P\u0103m\u00e2ntului a devenit o manifestare global\u0103, mobiliz\u00e2nd 200 de milioane de oameni \u00een 140 de \u0163\u0103ri \u015fi ridic\u00e2nd problemele de mediu pe scena mondial\u0103. Cu acest prilej, Prim\u0103ria municipiului Giurgiu \u00een parteneriat cu Asocia\u021bia \u201dCredin\u021b\u0103, Adev\u0103r \u0219i Echitate Social\u0103\u201d organizeaz\u0103 o ac\u021biune de plantare a 100 de copaci \u00een zona adiacent\u0103 Canalului Cama.<\/p>\n<p style=\"text-align: justify;\">Ac\u021biunea va avea loc s\u00e2mb\u0103t\u0103, 24 aprilie 2021, la care vor participa voluntarii Asocia\u021biei, dar \u0219i reprezentan\u021bi ai societ\u0103\u021bilor subordonate Prim\u0103riei.<\/p>\n","protected":false},"excerpt":{"rendered":"<p>La 22 aprilie<\/p>\n","protected":false},"author":1,"featured_media":0,"comment_status":"open","ping_status":"open","sticky":false,"template":"","format":"standard","meta":{"footnotes":""},"categories":[6],"tags":[],"class_list":["post-79246","post","type-post","status-publish","format-standard","hentry","category-breaking-news"],"_links":{"self":[{"href":"https:\/\/www.giurgiuveanul.ro\/stiri\/wp-json\/wp\/v2\/posts\/79246","targetHints":{"allow":["GET"]}}],"collection":[{"href":"https:\/\/www.giurgiuveanul.ro\/stiri\/wp-json\/wp\/v2\/posts"}],"about":[{"href":"https:\/\/www.giurgiuveanul.ro\/stiri\/wp-json\/wp\/v2\/types\/post"}],"author":[{"embeddable":true,"href":"https:\/\/www.giurgiuveanul.ro\/stiri\/wp-json\/wp\/v2\/users\/1"}],"replies":[{"embeddable":true,"href":"https:\/\/www.giurgiuveanul.ro\/stiri\/wp-json\/wp\/v2\/comments?post=79246"}],"version-history":[{"count":0,"href":"https:\/\/www.giurgiuveanul.ro\/stiri\/wp-json\/wp\/v2\/posts\/79246\/revisions"}],"wp:attachment":[{"href":"https:\/\/www.giurgiuveanul.ro\/stiri\/wp-json\/wp\/v2\/media?parent=79246"}],"wp:term":[{"taxonomy":"category","embeddable":true,"href":"https:\/\/www.giurgiuveanul.ro\/stiri\/wp-json\/wp\/v2\/categories?post=79246"},{"taxonomy":"post_tag","embeddable":true,"href":"https:\/\/www.giurgiuveanul.ro\/stiri\/wp-json\/wp\/v2\/tags?post=79246"}],"curies":[{"name":"wp","href":"https:\/\/api.w.org\/{rel}","templated":true}]}}