{"id":79255,"date":"2021-04-22T20:41:41","date_gmt":"2021-04-22T17:41:41","guid":{"rendered":"https:\/\/www.giurgiuveanul.ro\/stiri\/?p=79255"},"modified":"2021-04-22T20:43:07","modified_gmt":"2021-04-22T17:43:07","slug":"trei-tineri-giurgiuveni-arestati-preventiv-pentru-trafic-de-persoane","status":"publish","type":"post","link":"https:\/\/www.giurgiuveanul.ro\/stiri\/trei-tineri-giurgiuveni-arestati-preventiv-pentru-trafic-de-persoane\/","title":{"rendered":"Trei tineri giurgiuveni, aresta\u021bi preventiv pentru trafic de persoane"},"content":{"rendered":"<p style=\"text-align: justify;\"><strong><a href=\"https:\/\/www.giurgiuveanul.ro\/stiri\/wp-content\/uploads\/2021\/04\/decsindere-mascati.jpg\"><img loading=\"lazy\" decoding=\"async\" class=\"aligncenter wp-image-79256\" src=\"https:\/\/www.giurgiuveanul.ro\/stiri\/wp-content\/uploads\/2021\/04\/decsindere-mascati-560x373.jpg\" alt=\"\" width=\"580\" height=\"386\" srcset=\"https:\/\/www.giurgiuveanul.ro\/stiri\/wp-content\/uploads\/2021\/04\/decsindere-mascati-560x373.jpg 560w, https:\/\/www.giurgiuveanul.ro\/stiri\/wp-content\/uploads\/2021\/04\/decsindere-mascati-250x167.jpg 250w, https:\/\/www.giurgiuveanul.ro\/stiri\/wp-content\/uploads\/2021\/04\/decsindere-mascati-768x512.jpg 768w, https:\/\/www.giurgiuveanul.ro\/stiri\/wp-content\/uploads\/2021\/04\/decsindere-mascati-1536x1023.jpg 1536w, https:\/\/www.giurgiuveanul.ro\/stiri\/wp-content\/uploads\/2021\/04\/decsindere-mascati-400x267.jpg 400w, https:\/\/www.giurgiuveanul.ro\/stiri\/wp-content\/uploads\/2021\/04\/decsindere-mascati.jpg 1600w\" sizes=\"auto, (max-width: 580px) 100vw, 580px\" \/><\/a>Poli\u021bi\u0219tii Serviciului de Combatere a Criminalit\u0103\u021bii Organizate Giurgiu, sub coordonarea procurorului<!--more--> de caz din cadrul D.I.I.C.O.T. &#8211; Biroul Teritorial Giurgiu, au desf\u0103\u0219urat o ac\u021biune pentru destructurarea unui grup infrac\u021bional, format din trei tineri, cu v\u00e2rste cuprinse \u00eentre 24 \u0219i 26 ani, din jude\u021bul Giurgiu, care ar fi exploatat sexual tinere \u00een Romania \u0219i \u00een Germania.<\/strong><\/p>\n<p style=\"text-align: justify;\">Au fost puse \u00een executare patru mandate de perchezi\u021bie domiciliar\u0103, \u00een jude\u021bul Giurgiu, la locuin\u021bele persoanelor cercetate, fiind ridicate sisteme informatice \u0219i \u00eenscrisuri.<\/p>\n<p style=\"text-align: justify;\">Din cercet\u0103ri a reie\u0219it c\u0103 membrii grup\u0103rii, \u00eencep\u00e2nd cu anul 2018, ar fi recrutat, transportat \u0219i g\u0103zduit patru tinere, cu v\u00e2rste cuprinse \u00eentre 20 \u0219i 23 de ani, din jude\u021bul Giurgiu, pe care le-ar fi determinat \u0219i \u00eenlesnit la practicarea prostitu\u021biei \u00een mai multe ora\u0219e din Rom\u00e2nia, dar \u0219i \u00een Germania.<\/p>\n<p style=\"text-align: justify;\">Dou\u0103 dintre tinerele exploatate ar fi fost induse \u00een eroare, fiindu-le ascuns scopul real al c\u0103l\u0103toriei c\u0103tre Germania, astfel c\u0103 ar fi \u00eenso\u021bit persoanele cercetate \u00een afara \u021b\u0103rii, crez\u00e2nd c\u0103 vor desf\u0103\u0219ura activit\u0103\u021bi licite, \u00eens\u0103, \u00een realitate, acestea ar fi fost constr\u00e2nse psihic \u0219i fizic s\u0103 practice prostitu\u021bia, iar sumele de bani ob\u021binute ar fi fost predate persoanelor cercetate sau membrilor familiilor acestora.<\/p>\n<p style=\"text-align: justify;\">Unul dintre tineri, \u00een luna februarie 2020, ar fi \u00eentre\u021binut un act sexual cu o minor\u0103, timp \u00een care a realizat un material pornografic, pe care l-ar fi stocat \u0219i, ulterior, distribuit, prin intermediul unor aplica\u021bii mobile.<\/p>\n<p style=\"text-align: justify;\">La data de 21 aprilie 2021, procurorul de caz din cadrul D.I.I.C.O.T. &#8211; Biroul Teritorial Giurgiu a dispus re\u021binerea pentru 24 de ore a celor trei tineri, sub aspectul s\u0103v\u00e2r\u0219irii infrac\u021biunilor de trafic de persoane, proxenetism, act sexual cu un minor \u0219i pornografie infantil\u0103 s\u0103v\u00e2r\u0219it\u0103 prin sisteme informatice.<\/p>\n<p style=\"text-align: justify;\">Ulterior, Tribunalul Giurgiu a dispus arestarea preventiv\u0103 a acestora, pentru 30 de zile.<\/p>\n<p style=\"text-align: justify;\">Ac\u021biunea a beneficiat de suportul Direc\u021biei Opera\u021biuni Speciale \u0219i de sprijinul I.J.J. Giurgiu.<\/p>\n","protected":false},"excerpt":{"rendered":"<p>Poli\u021bi\u0219tii Serviciului de Combatere a Criminalit\u0103\u021bii Organizate Giurgiu, sub coordonarea procurorului<\/p>\n","protected":false},"author":1,"featured_media":0,"comment_status":"open","ping_status":"open","sticky":false,"template":"","format":"standard","meta":{"footnotes":""},"categories":[6],"tags":[],"class_list":["post-79255","post","type-post","status-publish","format-standard","hentry","category-breaking-news"],"_links":{"self":[{"href":"https:\/\/www.giurgiuveanul.ro\/stiri\/wp-json\/wp\/v2\/posts\/79255","targetHints":{"allow":["GET"]}}],"collection":[{"href":"https:\/\/www.giurgiuveanul.ro\/stiri\/wp-json\/wp\/v2\/posts"}],"about":[{"href":"https:\/\/www.giurgiuveanul.ro\/stiri\/wp-json\/wp\/v2\/types\/post"}],"author":[{"embeddable":true,"href":"https:\/\/www.giurgiuveanul.ro\/stiri\/wp-json\/wp\/v2\/users\/1"}],"replies":[{"embeddable":true,"href":"https:\/\/www.giurgiuveanul.ro\/stiri\/wp-json\/wp\/v2\/comments?post=79255"}],"version-history":[{"count":0,"href":"https:\/\/www.giurgiuveanul.ro\/stiri\/wp-json\/wp\/v2\/posts\/79255\/revisions"}],"wp:attachment":[{"href":"https:\/\/www.giurgiuveanul.ro\/stiri\/wp-json\/wp\/v2\/media?parent=79255"}],"wp:term":[{"taxonomy":"category","embeddable":true,"href":"https:\/\/www.giurgiuveanul.ro\/stiri\/wp-json\/wp\/v2\/categories?post=79255"},{"taxonomy":"post_tag","embeddable":true,"href":"https:\/\/www.giurgiuveanul.ro\/stiri\/wp-json\/wp\/v2\/tags?post=79255"}],"curies":[{"name":"wp","href":"https:\/\/api.w.org\/{rel}","templated":true}]}}