{"id":79430,"date":"2021-04-29T20:32:41","date_gmt":"2021-04-29T17:32:41","guid":{"rendered":"https:\/\/www.giurgiuveanul.ro\/stiri\/?p=79430"},"modified":"2021-04-29T20:33:00","modified_gmt":"2021-04-29T17:33:00","slug":"la-multi-ani-domnule-senator-toma-florin-petcu","status":"publish","type":"post","link":"https:\/\/www.giurgiuveanul.ro\/stiri\/la-multi-ani-domnule-senator-toma-florin-petcu\/","title":{"rendered":"La Mul\u021bi Ani, domnule senator Toma Florin Petcu!"},"content":{"rendered":"<p><a href=\"https:\/\/www.giurgiuveanul.ro\/stiri\/wp-content\/uploads\/2021\/04\/130456849_1337528446579140_2665960750614062868_n.jpg\"><img loading=\"lazy\" decoding=\"async\" class=\"aligncenter wp-image-79431\" src=\"https:\/\/www.giurgiuveanul.ro\/stiri\/wp-content\/uploads\/2021\/04\/130456849_1337528446579140_2665960750614062868_n.jpg\" alt=\"\" width=\"563\" height=\"564\" srcset=\"https:\/\/www.giurgiuveanul.ro\/stiri\/wp-content\/uploads\/2021\/04\/130456849_1337528446579140_2665960750614062868_n.jpg 399w, https:\/\/www.giurgiuveanul.ro\/stiri\/wp-content\/uploads\/2021\/04\/130456849_1337528446579140_2665960750614062868_n-250x250.jpg 250w, https:\/\/www.giurgiuveanul.ro\/stiri\/wp-content\/uploads\/2021\/04\/130456849_1337528446579140_2665960750614062868_n-200x200.jpg 200w\" sizes=\"auto, (max-width: 563px) 100vw, 563px\" \/><\/a>Unul dintre<!--more--> tinerii senatori din actuala legislatura \u00ee\u0219i aniverseaz\u0103 azi ziua de na\u0219tere. A\u015fadar, pre\u015fedintele Comisiei pentru transporturi \u015fi infrastructur\u0103 din cadrul Senatului Rom\u00e2niei, senatorul giurgiuvean Toma Florin Petcu \u00eempline\u015fte ast\u0103zi 43 de ani.<\/p>\n<p>Sincere felicit\u0103ri \u015fi ur\u0103ri de bine, \u00eei dorim mult\u0103 s\u0103n\u0103tate, putere de munc\u0103 \u0219i succes \u00een proiectele legislative.<\/p>\n<p>S\u0103 tr\u0103i\u0163i mul\u0163i ani ferici\u0163i \u015fi \u00eemplini\u0163i, boga\u0163i \u00een realiz\u0103ri, al\u0103turi de familie, prieteni \u015fi colegi!<\/p>\n<p><em>La Mul\u021bi Ani, domnule senator Toma Florin Petcu!<\/em><\/p>\n","protected":false},"excerpt":{"rendered":"<p>Unul dintre<\/p>\n","protected":false},"author":1,"featured_media":0,"comment_status":"open","ping_status":"open","sticky":false,"template":"","format":"standard","meta":{"footnotes":""},"categories":[16],"tags":[],"class_list":["post-79430","post","type-post","status-publish","format-standard","hentry","category-astazi-e-ziua-ta"],"_links":{"self":[{"href":"https:\/\/www.giurgiuveanul.ro\/stiri\/wp-json\/wp\/v2\/posts\/79430","targetHints":{"allow":["GET"]}}],"collection":[{"href":"https:\/\/www.giurgiuveanul.ro\/stiri\/wp-json\/wp\/v2\/posts"}],"about":[{"href":"https:\/\/www.giurgiuveanul.ro\/stiri\/wp-json\/wp\/v2\/types\/post"}],"author":[{"embeddable":true,"href":"https:\/\/www.giurgiuveanul.ro\/stiri\/wp-json\/wp\/v2\/users\/1"}],"replies":[{"embeddable":true,"href":"https:\/\/www.giurgiuveanul.ro\/stiri\/wp-json\/wp\/v2\/comments?post=79430"}],"version-history":[{"count":0,"href":"https:\/\/www.giurgiuveanul.ro\/stiri\/wp-json\/wp\/v2\/posts\/79430\/revisions"}],"wp:attachment":[{"href":"https:\/\/www.giurgiuveanul.ro\/stiri\/wp-json\/wp\/v2\/media?parent=79430"}],"wp:term":[{"taxonomy":"category","embeddable":true,"href":"https:\/\/www.giurgiuveanul.ro\/stiri\/wp-json\/wp\/v2\/categories?post=79430"},{"taxonomy":"post_tag","embeddable":true,"href":"https:\/\/www.giurgiuveanul.ro\/stiri\/wp-json\/wp\/v2\/tags?post=79430"}],"curies":[{"name":"wp","href":"https:\/\/api.w.org\/{rel}","templated":true}]}}