{"id":79912,"date":"2021-05-14T20:24:43","date_gmt":"2021-05-14T17:24:43","guid":{"rendered":"https:\/\/www.giurgiuveanul.ro\/stiri\/?p=79912"},"modified":"2021-05-14T20:29:11","modified_gmt":"2021-05-14T17:29:11","slug":"isu-giurgiu-precizari-privind-incendiul-de-aseara-in-urma-caruia-au-ars-acoperisurile-a-doua-case","status":"publish","type":"post","link":"https:\/\/www.giurgiuveanul.ro\/stiri\/isu-giurgiu-precizari-privind-incendiul-de-aseara-in-urma-caruia-au-ars-acoperisurile-a-doua-case\/","title":{"rendered":"ISU Giurgiu, preciz\u0103ri privind incendiul de asear\u0103, \u00een urma c\u0103ruia au ars acoperi\u015furile a dou\u0103 case"},"content":{"rendered":"<p style=\"text-align: justify;\"><a href=\"https:\/\/www.giurgiuveanul.ro\/stiri\/wp-content\/uploads\/2021\/05\/185563257_494246265252751_3520154978947977615_n.jpg\"><img loading=\"lazy\" decoding=\"async\" class=\"aligncenter  wp-image-79890\" src=\"https:\/\/www.giurgiuveanul.ro\/stiri\/wp-content\/uploads\/2021\/05\/185563257_494246265252751_3520154978947977615_n-560x420.jpg\" alt=\"\" width=\"581\" height=\"436\" srcset=\"https:\/\/www.giurgiuveanul.ro\/stiri\/wp-content\/uploads\/2021\/05\/185563257_494246265252751_3520154978947977615_n-560x420.jpg 560w, https:\/\/www.giurgiuveanul.ro\/stiri\/wp-content\/uploads\/2021\/05\/185563257_494246265252751_3520154978947977615_n-250x188.jpg 250w, https:\/\/www.giurgiuveanul.ro\/stiri\/wp-content\/uploads\/2021\/05\/185563257_494246265252751_3520154978947977615_n-768x576.jpg 768w, https:\/\/www.giurgiuveanul.ro\/stiri\/wp-content\/uploads\/2021\/05\/185563257_494246265252751_3520154978947977615_n-1536x1153.jpg 1536w, https:\/\/www.giurgiuveanul.ro\/stiri\/wp-content\/uploads\/2021\/05\/185563257_494246265252751_3520154978947977615_n-400x300.jpg 400w, https:\/\/www.giurgiuveanul.ro\/stiri\/wp-content\/uploads\/2021\/05\/185563257_494246265252751_3520154978947977615_n.jpg 1599w\" sizes=\"auto, (max-width: 581px) 100vw, 581px\" \/><\/a>La fa\u021ba locului, pompierii au constatat faptul c\u0103<!--more--> ardeau violent o magazie \u0219i acoperi\u0219urile a dou\u0103 case.<\/p>\n<p style=\"text-align: justify;\">Un b\u0103rbat, \u00een v\u00e2rst\u0103 de 62 de ani, a suferit arsuri la m\u00e2na dreapt\u0103 \u0219i \u00een zona fe\u021bei, fiind preluat de echipajul SAJ \u0219i transportat la spital.<\/p>\n<p style=\"text-align: justify;\">\u00cen curtea \u00een care a izbucnit incendiul au ars acoperi\u0219ul casei pe o suprafa\u021b\u0103 de aproximativ 150 mp, o magazie din lemn, aparate electrocasnice, mobilier \u0219i materiale textile. De asemenea, s-au deteriorat tavanele \u0219i parchetul \u00een camerele de locuit, baia, buc\u0103t\u0103ria \u0219i holul.<\/p>\n<p style=\"text-align: justify;\">La cel de-al doilea imobil a ars acoperi\u0219ul pe o suprafa\u021b\u0103 de aproximativ 100 mp, s-au deteriorat tavanele \u0219i parchetul din camere, un aparat de aer condi\u021bionat \u0219i instala\u021bia electric\u0103.<\/p>\n<p style=\"text-align: justify;\">Cel mai probabil incendiul s-a produs dup\u0103 folosirea unui aparat de sudur\u0103, f\u0103r\u0103 respectarea normelor de prevenire \u0219i stingere a incendiilor. Sc\u00e2nteile mecanice au aprins materialele combustibile din apropiere, incendiul fiind observat cu \u00eent\u00e2rziere.<\/p>\n","protected":false},"excerpt":{"rendered":"<p>La fa\u021ba locului, pompierii au constatat faptul c\u0103<\/p>\n","protected":false},"author":1,"featured_media":0,"comment_status":"open","ping_status":"open","sticky":false,"template":"","format":"standard","meta":{"footnotes":""},"categories":[6],"tags":[],"class_list":["post-79912","post","type-post","status-publish","format-standard","hentry","category-breaking-news"],"_links":{"self":[{"href":"https:\/\/www.giurgiuveanul.ro\/stiri\/wp-json\/wp\/v2\/posts\/79912","targetHints":{"allow":["GET"]}}],"collection":[{"href":"https:\/\/www.giurgiuveanul.ro\/stiri\/wp-json\/wp\/v2\/posts"}],"about":[{"href":"https:\/\/www.giurgiuveanul.ro\/stiri\/wp-json\/wp\/v2\/types\/post"}],"author":[{"embeddable":true,"href":"https:\/\/www.giurgiuveanul.ro\/stiri\/wp-json\/wp\/v2\/users\/1"}],"replies":[{"embeddable":true,"href":"https:\/\/www.giurgiuveanul.ro\/stiri\/wp-json\/wp\/v2\/comments?post=79912"}],"version-history":[{"count":0,"href":"https:\/\/www.giurgiuveanul.ro\/stiri\/wp-json\/wp\/v2\/posts\/79912\/revisions"}],"wp:attachment":[{"href":"https:\/\/www.giurgiuveanul.ro\/stiri\/wp-json\/wp\/v2\/media?parent=79912"}],"wp:term":[{"taxonomy":"category","embeddable":true,"href":"https:\/\/www.giurgiuveanul.ro\/stiri\/wp-json\/wp\/v2\/categories?post=79912"},{"taxonomy":"post_tag","embeddable":true,"href":"https:\/\/www.giurgiuveanul.ro\/stiri\/wp-json\/wp\/v2\/tags?post=79912"}],"curies":[{"name":"wp","href":"https:\/\/api.w.org\/{rel}","templated":true}]}}