{"id":79932,"date":"2021-05-15T13:56:51","date_gmt":"2021-05-15T10:56:51","guid":{"rendered":"https:\/\/www.giurgiuveanul.ro\/stiri\/?p=79932"},"modified":"2021-05-15T13:58:12","modified_gmt":"2021-05-15T10:58:12","slug":"autoturism-rasturnat-pe-dn-5-conducatorul-auto-are-83-de-ani-foto","status":"publish","type":"post","link":"https:\/\/www.giurgiuveanul.ro\/stiri\/autoturism-rasturnat-pe-dn-5-conducatorul-auto-are-83-de-ani-foto\/","title":{"rendered":"Autoturism r\u0103sturnat pe DN 5! Conduc\u0103torul auto are 83 de ani (FOTO)"},"content":{"rendered":"<p style=\"text-align: justify;\"><a href=\"https:\/\/www.giurgiuveanul.ro\/stiri\/wp-content\/uploads\/2021\/05\/187210844_806088440026960_7414173671997208924_n.jpg\"><img loading=\"lazy\" decoding=\"async\" class=\"aligncenter  wp-image-79933\" src=\"https:\/\/www.giurgiuveanul.ro\/stiri\/wp-content\/uploads\/2021\/05\/187210844_806088440026960_7414173671997208924_n-560x354.jpg\" alt=\"\" width=\"585\" height=\"370\" srcset=\"https:\/\/www.giurgiuveanul.ro\/stiri\/wp-content\/uploads\/2021\/05\/187210844_806088440026960_7414173671997208924_n-560x354.jpg 560w, https:\/\/www.giurgiuveanul.ro\/stiri\/wp-content\/uploads\/2021\/05\/187210844_806088440026960_7414173671997208924_n-250x158.jpg 250w, https:\/\/www.giurgiuveanul.ro\/stiri\/wp-content\/uploads\/2021\/05\/187210844_806088440026960_7414173671997208924_n-768x485.jpg 768w, https:\/\/www.giurgiuveanul.ro\/stiri\/wp-content\/uploads\/2021\/05\/187210844_806088440026960_7414173671997208924_n-400x253.jpg 400w, https:\/\/www.giurgiuveanul.ro\/stiri\/wp-content\/uploads\/2021\/05\/187210844_806088440026960_7414173671997208924_n.jpg 936w\" sizes=\"auto, (max-width: 585px) 100vw, 585px\" \/><\/a><\/p>\n<p style=\"text-align: justify;\"><strong>\u00cen aceast\u0103 dup\u0103-amiaz\u0103, pe D.N.5, la<!--more--> km 35+300, a avut loc un eveniment rutier, produs de c\u0103tre un b\u0103rbat de 83 de ani, din municipiul Bucure\u0219ti.<\/strong><\/p>\n<p><a href=\"https:\/\/www.giurgiuveanul.ro\/stiri\/wp-content\/uploads\/2021\/05\/186224983_492559492055966_3716702466273100188_n.jpg\"><img loading=\"lazy\" decoding=\"async\" class=\"aligncenter size-large wp-image-79935\" src=\"https:\/\/www.giurgiuveanul.ro\/stiri\/wp-content\/uploads\/2021\/05\/186224983_492559492055966_3716702466273100188_n-560x357.jpg\" alt=\"\" width=\"560\" height=\"357\" srcset=\"https:\/\/www.giurgiuveanul.ro\/stiri\/wp-content\/uploads\/2021\/05\/186224983_492559492055966_3716702466273100188_n-560x357.jpg 560w, https:\/\/www.giurgiuveanul.ro\/stiri\/wp-content\/uploads\/2021\/05\/186224983_492559492055966_3716702466273100188_n-250x159.jpg 250w, https:\/\/www.giurgiuveanul.ro\/stiri\/wp-content\/uploads\/2021\/05\/186224983_492559492055966_3716702466273100188_n-768x489.jpg 768w, https:\/\/www.giurgiuveanul.ro\/stiri\/wp-content\/uploads\/2021\/05\/186224983_492559492055966_3716702466273100188_n-400x255.jpg 400w, https:\/\/www.giurgiuveanul.ro\/stiri\/wp-content\/uploads\/2021\/05\/186224983_492559492055966_3716702466273100188_n.jpg 1000w\" sizes=\"auto, (max-width: 560px) 100vw, 560px\" \/><\/a><\/p>\n<p style=\"text-align: justify;\">\u00cen urma evenimentului rutier, b\u0103rbatul a fost r\u0103nit \u0219i transportat la o unitate spitaliceasc\u0103 din municipiul Bucure\u0219ti pentru acordarea de \u00eengrijiri medicale.<\/p>\n<p style=\"text-align: justify;\">Conduc\u0103torul auto a fost testat cu aparatul alcooltest, rezultatul fiind 0.<\/p>\n<p style=\"text-align: justify;\">Se efectueaz\u0103 cercet\u0103ri sub aspectul s\u0103v\u00e2r\u0219irii infrac\u021biunii de v\u0103t\u0103mare corporal\u0103 din culp\u0103.<\/p>\n","protected":false},"excerpt":{"rendered":"<p>\u00cen aceast\u0103 dup\u0103-amiaz\u0103, pe D.N.5, la<\/p>\n","protected":false},"author":1,"featured_media":0,"comment_status":"open","ping_status":"open","sticky":false,"template":"","format":"standard","meta":{"footnotes":""},"categories":[6],"tags":[],"class_list":["post-79932","post","type-post","status-publish","format-standard","hentry","category-breaking-news"],"_links":{"self":[{"href":"https:\/\/www.giurgiuveanul.ro\/stiri\/wp-json\/wp\/v2\/posts\/79932","targetHints":{"allow":["GET"]}}],"collection":[{"href":"https:\/\/www.giurgiuveanul.ro\/stiri\/wp-json\/wp\/v2\/posts"}],"about":[{"href":"https:\/\/www.giurgiuveanul.ro\/stiri\/wp-json\/wp\/v2\/types\/post"}],"author":[{"embeddable":true,"href":"https:\/\/www.giurgiuveanul.ro\/stiri\/wp-json\/wp\/v2\/users\/1"}],"replies":[{"embeddable":true,"href":"https:\/\/www.giurgiuveanul.ro\/stiri\/wp-json\/wp\/v2\/comments?post=79932"}],"version-history":[{"count":0,"href":"https:\/\/www.giurgiuveanul.ro\/stiri\/wp-json\/wp\/v2\/posts\/79932\/revisions"}],"wp:attachment":[{"href":"https:\/\/www.giurgiuveanul.ro\/stiri\/wp-json\/wp\/v2\/media?parent=79932"}],"wp:term":[{"taxonomy":"category","embeddable":true,"href":"https:\/\/www.giurgiuveanul.ro\/stiri\/wp-json\/wp\/v2\/categories?post=79932"},{"taxonomy":"post_tag","embeddable":true,"href":"https:\/\/www.giurgiuveanul.ro\/stiri\/wp-json\/wp\/v2\/tags?post=79932"}],"curies":[{"name":"wp","href":"https:\/\/api.w.org\/{rel}","templated":true}]}}