{"id":79963,"date":"2021-05-16T19:52:35","date_gmt":"2021-05-16T16:52:35","guid":{"rendered":"https:\/\/www.giurgiuveanul.ro\/stiri\/?p=79963"},"modified":"2021-05-16T19:52:35","modified_gmt":"2021-05-16T16:52:35","slug":"guvernul-a-adoptat-relaxarea-restrictiilor-iata-lista-completa-a-acestora","status":"publish","type":"post","link":"https:\/\/www.giurgiuveanul.ro\/stiri\/guvernul-a-adoptat-relaxarea-restrictiilor-iata-lista-completa-a-acestora\/","title":{"rendered":"Guvernul a adoptat relaxarea restric\u0163iilor. Iat\u0103 lista complet\u0103 a acestora"},"content":{"rendered":"<p style=\"text-align: justify;\"><strong><a href=\"https:\/\/www.giurgiuveanul.ro\/stiri\/wp-content\/uploads\/2021\/05\/image-2020-12-23-24503550-41-guvernul-citu.jpg\"><img loading=\"lazy\" decoding=\"async\" class=\"aligncenter  wp-image-79964\" src=\"https:\/\/www.giurgiuveanul.ro\/stiri\/wp-content\/uploads\/2021\/05\/image-2020-12-23-24503550-41-guvernul-citu-560x316.jpg\" alt=\"\" width=\"579\" height=\"327\" srcset=\"https:\/\/www.giurgiuveanul.ro\/stiri\/wp-content\/uploads\/2021\/05\/image-2020-12-23-24503550-41-guvernul-citu-560x316.jpg 560w, https:\/\/www.giurgiuveanul.ro\/stiri\/wp-content\/uploads\/2021\/05\/image-2020-12-23-24503550-41-guvernul-citu-250x141.jpg 250w, https:\/\/www.giurgiuveanul.ro\/stiri\/wp-content\/uploads\/2021\/05\/image-2020-12-23-24503550-41-guvernul-citu-768x434.jpg 768w, https:\/\/www.giurgiuveanul.ro\/stiri\/wp-content\/uploads\/2021\/05\/image-2020-12-23-24503550-41-guvernul-citu-400x226.jpg 400w, https:\/\/www.giurgiuveanul.ro\/stiri\/wp-content\/uploads\/2021\/05\/image-2020-12-23-24503550-41-guvernul-citu.jpg 800w\" sizes=\"auto, (max-width: 579px) 100vw, 579px\" \/><\/a>A\u015fa dup\u0103 cum a\u0163i mai aflat, dup\u0103<!--more--> o \u015fedin\u0163\u0103 de Guvern a fost adoptat primul set de relax\u0103re a restric\u0163iilor.<\/strong><\/p>\n<p style=\"text-align: justify;\">Iat\u0103 ce prevede hot\u0103r\u00e2rea de guvern privind prelungirea st\u0103rii de alert\u0103, cu modific\u0103rile care intr\u0103 \u00een vigoare din 15 mai.<\/p>\n<p style=\"text-align: justify;\">Se elimin\u0103 restric\u0163iile privitoare la purtarea m\u0103\u015ftii \u00een spa\u0163ii deschise neaglomerate, urm\u00e2nd ca restric\u0163ia s\u0103 fie aplicat\u0103 \u00een continuare \u00een spa\u0163ii publice, pie\u0163e, t\u00e2rguri, talciocuri, sta\u0163ii pentru transportul \u00een comun, spa\u0163iile comerciale, mijloacele de transport \u00een comun \u015fi la locul de munc\u0103.<\/p>\n<p style=\"text-align: justify;\">Se elimin\u0103 restric\u0163iile privitoare la circula\u0163ia pe timp de noapte a persoanelor.<\/p>\n<p style=\"text-align: justify;\">Se elimin\u0103 restric\u0163ia privind programul operatorilor economici p\u00e2n\u0103 la ora 21.<\/p>\n<p style=\"text-align: justify;\">Se stabile\u015fte programul restaurantelor, barurilor, cafenelelor \u015fi teraselor \u00een intervalul orar 5 \u2013 24.<\/p>\n<p style=\"text-align: justify;\">Se creeaz\u0103 posibilitatea ca \u00een spa\u0163iile deschise competi\u0163iile sportive s\u0103 se poat\u0103 desf\u0103\u015fura pe teritoriul Rom\u00e2niei cu participarea spectatorilor p\u00e2n\u0103 la 25% din capacitatea maxim\u0103 a spa\u0163iului.<\/p>\n<p style=\"text-align: justify;\">Participarea va fi, \u00eens\u0103, permis\u0103 doar pentru persoanele care sunt vaccinate \u00eempotriva virusului SARS-CoV-2, pentru care au trecut 10 zile de la finalizarea schemei complete de vaccinare, persoanele care prezint\u0103 rezultatul negativ al unui test RT-PCR nu mai vechi de 72 de ore sau rezultatul negativ certificat al unui test antigen rapid nu mai vechi de 24 de ore.<\/p>\n<p style=\"text-align: justify;\">Organizarea \u015fi desf\u0103\u015furarea spectacolelor de tip drive-in sunt permise numai dac\u0103 ocupan\u0163ii unui autovehicul sunt membri ai aceleia\u015fi familii sau reprezint\u0103 grupuri de p\u00e2n\u0103 la 4 persoane, iar organizarea \u00een aer liber a spectacolelor, festivalurilor, concertelor sau altor evenimente publice sau private sunt permise numai cu cel mult 500 de spectatori cu respectarea a 2 mp pentru fiecare persoan\u0103, precum \u015fi cu purtarea m\u0103\u015ftii de protec\u0163ie. Participarea este permis\u0103 numai pentru persoanele care sunt vaccinate, pentru care au trecut 10 zile de la finalizarea schemei de vaccinare, persoanele care prezint\u0103 rezultatul negativ al unui test RT-PCR nu mai vechi de 72 de ore sau antigen rapid nu mai vechi de 72 de ore.<\/p>\n<p style=\"text-align: justify;\">Se permite organizarea de cursuri de instruire \u015fi workshop-uri pentru adul\u0163i, inclusiv cele organizate pentru implementarea de proiecte finan\u0163ate din fonduri europene cu un num\u0103r de participan\u0163i de maxim 50 de persoane \u00een interior \u015fi de maxim 200 de persoane \u00een exterior, cu asigurarea unei suprafe\u0163e de 2 mp pentru fiecare persoan\u0103, cu respectarea normelor de s\u0103n\u0103tate public\u0103 stabilite, dac\u0103 inciden\u0163a cumulat\u0103 la 14 zile din jude\u0163 \/ localitate este mai mic\u0103 sau egal\u0103 cu 3 la mia de locuitori.<\/p>\n<p style=\"text-align: justify;\">Se permite activitatea cu publicul operatorilor economici care desf\u0103\u015foar\u0103 activitatea \u00een spa\u0163ii \u00eenchise \u00een domeniul s\u0103lilor de sport \u015fi \/ sau fitness f\u0103r\u0103 a dep\u0103\u015fi 50% din capacitatea maxim\u0103 \u00een jude\u0163ele \/ localit\u0103\u0163ile unde inciden\u0163a la 14 zile este mai mic\u0103 sau egal\u0103 cu 3 la mia de locuitori, cu asigurarea unei suprafe\u0163e de minim 7 mp pentru fiecare persoan\u0103.<\/p>\n<p style=\"text-align: justify;\">Activitatea cu publicul a operatorilor economici care desf\u0103\u015foar\u0103 activitatea \u00een spa\u0163ii \u00eenchise \u00een domeniul s\u0103lilor de sport \u015fi \/ sau fitness f\u0103r\u0103 a dep\u0103\u015fi 70% din capacitatea maxim\u0103 \u00een jude\u0163ele \/ localit\u0103\u0163ile unde inciden\u0163a la 14 zile este mai mic\u0103 sau egal\u0103 cu 3 la mia de locuitori, cu asigurarea unei suprafe\u0163e de minim 4 mp pentru fiecare persoan\u0103 dac\u0103 toate persoanele sunt vaccinate \u00eempotriva virusului SARS-CoV-2, dac\u0103 au trecut 10 zile de la finalizarea schemei complete de vaccinare.<\/p>\n","protected":false},"excerpt":{"rendered":"<p>A\u015fa dup\u0103 cum a\u0163i mai aflat, dup\u0103<\/p>\n","protected":false},"author":1,"featured_media":0,"comment_status":"open","ping_status":"open","sticky":false,"template":"","format":"standard","meta":{"footnotes":""},"categories":[6],"tags":[],"class_list":["post-79963","post","type-post","status-publish","format-standard","hentry","category-breaking-news"],"_links":{"self":[{"href":"https:\/\/www.giurgiuveanul.ro\/stiri\/wp-json\/wp\/v2\/posts\/79963","targetHints":{"allow":["GET"]}}],"collection":[{"href":"https:\/\/www.giurgiuveanul.ro\/stiri\/wp-json\/wp\/v2\/posts"}],"about":[{"href":"https:\/\/www.giurgiuveanul.ro\/stiri\/wp-json\/wp\/v2\/types\/post"}],"author":[{"embeddable":true,"href":"https:\/\/www.giurgiuveanul.ro\/stiri\/wp-json\/wp\/v2\/users\/1"}],"replies":[{"embeddable":true,"href":"https:\/\/www.giurgiuveanul.ro\/stiri\/wp-json\/wp\/v2\/comments?post=79963"}],"version-history":[{"count":0,"href":"https:\/\/www.giurgiuveanul.ro\/stiri\/wp-json\/wp\/v2\/posts\/79963\/revisions"}],"wp:attachment":[{"href":"https:\/\/www.giurgiuveanul.ro\/stiri\/wp-json\/wp\/v2\/media?parent=79963"}],"wp:term":[{"taxonomy":"category","embeddable":true,"href":"https:\/\/www.giurgiuveanul.ro\/stiri\/wp-json\/wp\/v2\/categories?post=79963"},{"taxonomy":"post_tag","embeddable":true,"href":"https:\/\/www.giurgiuveanul.ro\/stiri\/wp-json\/wp\/v2\/tags?post=79963"}],"curies":[{"name":"wp","href":"https:\/\/api.w.org\/{rel}","templated":true}]}}