{"id":79990,"date":"2021-05-17T18:39:10","date_gmt":"2021-05-17T15:39:10","guid":{"rendered":"https:\/\/www.giurgiuveanul.ro\/stiri\/?p=79990"},"modified":"2021-05-17T18:39:46","modified_gmt":"2021-05-17T15:39:46","slug":"femeie-fara-permis-de-conducere-prinsa-in-trafic-de-politistii-giurgiuveni","status":"publish","type":"post","link":"https:\/\/www.giurgiuveanul.ro\/stiri\/femeie-fara-permis-de-conducere-prinsa-in-trafic-de-politistii-giurgiuveni\/","title":{"rendered":"Femeie f\u0103r\u0103 permis de conducere, prins\u0103 \u00een trafic de poli\u021bi\u0219tii giurgiuveni"},"content":{"rendered":"<p style=\"text-align: justify;\"><a href=\"https:\/\/www.giurgiuveanul.ro\/stiri\/wp-content\/uploads\/2021\/05\/femeie-volan.jpg\"><img loading=\"lazy\" decoding=\"async\" class=\"aligncenter  wp-image-79991\" src=\"https:\/\/www.giurgiuveanul.ro\/stiri\/wp-content\/uploads\/2021\/05\/femeie-volan-560x318.jpg\" alt=\"\" width=\"583\" height=\"331\" srcset=\"https:\/\/www.giurgiuveanul.ro\/stiri\/wp-content\/uploads\/2021\/05\/femeie-volan-560x318.jpg 560w, https:\/\/www.giurgiuveanul.ro\/stiri\/wp-content\/uploads\/2021\/05\/femeie-volan-250x142.jpg 250w, https:\/\/www.giurgiuveanul.ro\/stiri\/wp-content\/uploads\/2021\/05\/femeie-volan-768x436.jpg 768w, https:\/\/www.giurgiuveanul.ro\/stiri\/wp-content\/uploads\/2021\/05\/femeie-volan-400x227.jpg 400w, https:\/\/www.giurgiuveanul.ro\/stiri\/wp-content\/uploads\/2021\/05\/femeie-volan.jpg 800w\" sizes=\"auto, (max-width: 583px) 100vw, 583px\" \/><\/a>Poli\u021bi\u0219tii au<!--more--> depistat, recent, pe raza comunei V\u00e2n\u0103torii Mici, jude\u021bul Giurgiu, o femeie, de 30 de ani, din comuna Flore\u0219ti-Stoene\u0219ti, jude\u021bul Giurgiu, \u00een timp ce conducea un autoturism, f\u0103r\u0103 a poseda permis de conducere pentru nicio categorie de autovehicule.<\/p>\n<p style=\"text-align: justify;\">\u00cen cauz\u0103, a fost \u00eentocmit dosar penal \u00een care se efectueaz\u0103 cercet\u0103ri sub aspectul s\u0103v\u00e2r\u0219irii infrac\u021biunii de conducere a unui vehicul f\u0103r\u0103 a poseda permis de conducere<\/p>\n","protected":false},"excerpt":{"rendered":"<p>Poli\u021bi\u0219tii au<\/p>\n","protected":false},"author":1,"featured_media":0,"comment_status":"open","ping_status":"open","sticky":false,"template":"","format":"standard","meta":{"footnotes":""},"categories":[6],"tags":[],"class_list":["post-79990","post","type-post","status-publish","format-standard","hentry","category-breaking-news"],"_links":{"self":[{"href":"https:\/\/www.giurgiuveanul.ro\/stiri\/wp-json\/wp\/v2\/posts\/79990","targetHints":{"allow":["GET"]}}],"collection":[{"href":"https:\/\/www.giurgiuveanul.ro\/stiri\/wp-json\/wp\/v2\/posts"}],"about":[{"href":"https:\/\/www.giurgiuveanul.ro\/stiri\/wp-json\/wp\/v2\/types\/post"}],"author":[{"embeddable":true,"href":"https:\/\/www.giurgiuveanul.ro\/stiri\/wp-json\/wp\/v2\/users\/1"}],"replies":[{"embeddable":true,"href":"https:\/\/www.giurgiuveanul.ro\/stiri\/wp-json\/wp\/v2\/comments?post=79990"}],"version-history":[{"count":0,"href":"https:\/\/www.giurgiuveanul.ro\/stiri\/wp-json\/wp\/v2\/posts\/79990\/revisions"}],"wp:attachment":[{"href":"https:\/\/www.giurgiuveanul.ro\/stiri\/wp-json\/wp\/v2\/media?parent=79990"}],"wp:term":[{"taxonomy":"category","embeddable":true,"href":"https:\/\/www.giurgiuveanul.ro\/stiri\/wp-json\/wp\/v2\/categories?post=79990"},{"taxonomy":"post_tag","embeddable":true,"href":"https:\/\/www.giurgiuveanul.ro\/stiri\/wp-json\/wp\/v2\/tags?post=79990"}],"curies":[{"name":"wp","href":"https:\/\/api.w.org\/{rel}","templated":true}]}}