{"id":79994,"date":"2021-05-17T18:53:23","date_gmt":"2021-05-17T15:53:23","guid":{"rendered":"https:\/\/www.giurgiuveanul.ro\/stiri\/?p=79994"},"modified":"2021-05-17T18:55:56","modified_gmt":"2021-05-17T15:55:56","slug":"un-adolescent-de-16-ani-prins-la-volan-in-municipiul-giurgiu-fara-a-poseda-permis-de-conducere","status":"publish","type":"post","link":"https:\/\/www.giurgiuveanul.ro\/stiri\/un-adolescent-de-16-ani-prins-la-volan-in-municipiul-giurgiu-fara-a-poseda-permis-de-conducere\/","title":{"rendered":"Un adolescent de 16 ani, prins la volan, \u00een municipiul Giurgiu, f\u0103r\u0103 a poseda permis de conducere"},"content":{"rendered":"<p style=\"text-align: justify;\"><a href=\"https:\/\/www.giurgiuveanul.ro\/stiri\/wp-content\/uploads\/2021\/05\/como-usar-claxon-coche-1949157.jpg\"><img loading=\"lazy\" decoding=\"async\" class=\"aligncenter wp-image-79995\" src=\"https:\/\/www.giurgiuveanul.ro\/stiri\/wp-content\/uploads\/2021\/05\/como-usar-claxon-coche-1949157-560x373.jpg\" alt=\"\" width=\"589\" height=\"392\" srcset=\"https:\/\/www.giurgiuveanul.ro\/stiri\/wp-content\/uploads\/2021\/05\/como-usar-claxon-coche-1949157-560x373.jpg 560w, https:\/\/www.giurgiuveanul.ro\/stiri\/wp-content\/uploads\/2021\/05\/como-usar-claxon-coche-1949157-250x166.jpg 250w, https:\/\/www.giurgiuveanul.ro\/stiri\/wp-content\/uploads\/2021\/05\/como-usar-claxon-coche-1949157-768x511.jpg 768w, https:\/\/www.giurgiuveanul.ro\/stiri\/wp-content\/uploads\/2021\/05\/como-usar-claxon-coche-1949157-400x266.jpg 400w, https:\/\/www.giurgiuveanul.ro\/stiri\/wp-content\/uploads\/2021\/05\/como-usar-claxon-coche-1949157.jpg 1200w\" sizes=\"auto, (max-width: 589px) 100vw, 589px\" \/><\/a>Poli\u021bi\u0219tii din cadrul Poli\u021biei Municipiului au depistat pe \u015foseaua<!--more--> Ghizdarului, din municipiul Giurgiu, un t\u00e2n\u0103r, de 16 ani, din comuna Stoene\u0219ti, jude\u021bul Giurgiu, \u00een timp ce conducea un autoturism, f\u0103r\u0103 a poseda permis de conducere pentru nicio categorie de vehicule.<\/p>\n<p style=\"text-align: justify;\">Se efectueaz\u0103 cercet\u0103ri sub aspectul s\u0103v\u00e2r\u0219irii infrac\u021biunii de conducere a unui vehicul f\u0103r\u0103 a poseda permis de conducere pentru nicio categorie de vehicule.<\/p>\n","protected":false},"excerpt":{"rendered":"<p>Poli\u021bi\u0219tii din cadrul Poli\u021biei Municipiului au depistat pe \u015foseaua<\/p>\n","protected":false},"author":1,"featured_media":0,"comment_status":"open","ping_status":"open","sticky":false,"template":"","format":"standard","meta":{"footnotes":""},"categories":[6],"tags":[],"class_list":["post-79994","post","type-post","status-publish","format-standard","hentry","category-breaking-news"],"_links":{"self":[{"href":"https:\/\/www.giurgiuveanul.ro\/stiri\/wp-json\/wp\/v2\/posts\/79994","targetHints":{"allow":["GET"]}}],"collection":[{"href":"https:\/\/www.giurgiuveanul.ro\/stiri\/wp-json\/wp\/v2\/posts"}],"about":[{"href":"https:\/\/www.giurgiuveanul.ro\/stiri\/wp-json\/wp\/v2\/types\/post"}],"author":[{"embeddable":true,"href":"https:\/\/www.giurgiuveanul.ro\/stiri\/wp-json\/wp\/v2\/users\/1"}],"replies":[{"embeddable":true,"href":"https:\/\/www.giurgiuveanul.ro\/stiri\/wp-json\/wp\/v2\/comments?post=79994"}],"version-history":[{"count":0,"href":"https:\/\/www.giurgiuveanul.ro\/stiri\/wp-json\/wp\/v2\/posts\/79994\/revisions"}],"wp:attachment":[{"href":"https:\/\/www.giurgiuveanul.ro\/stiri\/wp-json\/wp\/v2\/media?parent=79994"}],"wp:term":[{"taxonomy":"category","embeddable":true,"href":"https:\/\/www.giurgiuveanul.ro\/stiri\/wp-json\/wp\/v2\/categories?post=79994"},{"taxonomy":"post_tag","embeddable":true,"href":"https:\/\/www.giurgiuveanul.ro\/stiri\/wp-json\/wp\/v2\/tags?post=79994"}],"curies":[{"name":"wp","href":"https:\/\/api.w.org\/{rel}","templated":true}]}}