{"id":80005,"date":"2021-05-17T21:02:35","date_gmt":"2021-05-17T18:02:35","guid":{"rendered":"https:\/\/www.giurgiuveanul.ro\/stiri\/?p=80005"},"modified":"2021-05-17T21:03:28","modified_gmt":"2021-05-17T18:03:28","slug":"inspectoratul-pentru-situatii-de-urgenta-o-zi-cu-vant-puternic-in-judetul-giurgiu","status":"publish","type":"post","link":"https:\/\/www.giurgiuveanul.ro\/stiri\/inspectoratul-pentru-situatii-de-urgenta-o-zi-cu-vant-puternic-in-judetul-giurgiu\/","title":{"rendered":"Inspectoratul pentru Situa\u0163ii de Urgen\u0163\u0103 &#8222;Vla\u015fca&#8221;: O zi cu v\u00e2nt puternic, \u00een jude\u021bul Giurgiu"},"content":{"rendered":"<p style=\"text-align: justify;\"><a href=\"https:\/\/www.giurgiuveanul.ro\/stiri\/wp-content\/uploads\/2021\/05\/cod-galben.jpg\"><img loading=\"lazy\" decoding=\"async\" class=\"aligncenter wp-image-80006\" src=\"https:\/\/www.giurgiuveanul.ro\/stiri\/wp-content\/uploads\/2021\/05\/cod-galben-454x450.jpg\" alt=\"\" width=\"582\" height=\"577\" srcset=\"https:\/\/www.giurgiuveanul.ro\/stiri\/wp-content\/uploads\/2021\/05\/cod-galben-454x450.jpg 454w, https:\/\/www.giurgiuveanul.ro\/stiri\/wp-content\/uploads\/2021\/05\/cod-galben-250x248.jpg 250w, https:\/\/www.giurgiuveanul.ro\/stiri\/wp-content\/uploads\/2021\/05\/cod-galben-400x396.jpg 400w, https:\/\/www.giurgiuveanul.ro\/stiri\/wp-content\/uploads\/2021\/05\/cod-galben.jpg 720w\" sizes=\"auto, (max-width: 582px) 100vw, 582px\" \/><\/a>Administra\u0163ia Na\u0163ional\u0103 de Meteorologie a transmis o aten\u021bionare tip cod galben de<!--more--> intensific\u0103ri sus\u021binute ale v\u00e2ntului, valabil\u0103 m\u00e2ine, \u00een intervalul orar 06:00 &#8211; 23:00. Conform meteorologilor, \u00een jude\u021bul Giurgiu, vor fi perioade \u00een care v\u00e2ntul va bate cu viteze de 50-60 km\/h \u0219i, local, 70-80 km\/h.<\/p>\n<p style=\"text-align: justify;\">Pentru a preveni situa\u021biile de urgen\u021b\u0103, v\u0103 recomand\u0103m respectarea urm\u0103toarelor m\u0103suri:<\/p>\n<ul style=\"text-align: justify;\">\n<li>Fi\u021bi pruden\u021bi atunci c\u00e2nd v\u0103 afla\u021bi pe strad\u0103 \u0219i evita\u021bi deplasarea \u00een zone cu panouri publicitare, copaci sau st\u00e2lpi de electricitate care ar putea fi dobor\u00e2\u021bi;<\/li>\n<li>Nu trece\u021bi prin dreptul cl\u0103dirilor aflate \u00een construc\u021bie sau care prezint\u0103 elemente arhitectonice ce pot fi smulse de v\u00e2nt;<\/li>\n<li>Nu v\u0103 ad\u0103posti\u021bi aproape de construc\u021bii improvizate: corturi, schele sau cl\u0103diri cu fa\u021bade ce prezint\u0103 semne de degradare;<\/li>\n<li>Parca\u021bi autoturismele la distan\u021b\u0103 sigur\u0103 fa\u021b\u0103 de copaci sau st\u00e2lpi de electricitate;<\/li>\n<li>\u00cen m\u0103sura \u00een care este posibil, c\u00e2nd v\u00e2ntul bate cu putere, \u00eentrerupe\u021bi activit\u0103\u021bile \u00een aer liber \u0219i ad\u0103posti\u021bi-v\u0103 \u00een locuin\u021be sau \u00een spa\u021bii care s\u0103 v\u0103 asigure protec\u021bia, \u00eenchide\u021bi u\u0219ile \u0219i ferestrele;<\/li>\n<li>Nu atinge\u021bi firele c\u0103zute la p\u0103m\u00e2nt;<\/li>\n<li>\u00cen situa\u021bii de urgen\u021b\u0103, suna\u021bi la 112.<\/li>\n<\/ul>\n<p style=\"text-align: justify;\"><em>\u00a0\u00a0\u00a0\u00a0\u00a0\u00a0\u00a0\u00a0 \u00a0Mai multe informa\u021bii despre modul de comportare \u00een cazul producerii unor situa\u021bii de urgen\u021b\u0103 sau alte date utile referitoare la manifestarea fenomenelor meteorologice periculoase pot fi ob\u021binute prin intermediul aplica\u021biei DSU, care poate fi desc\u0103rcat\u0103 gratuit din Google Play Store \u0219i AppStore.<\/em><\/p>\n<p style=\"text-align: center;\"><em><strong>Compartimentul Informare \u0219i Rela\u021bii Publice<\/strong><\/em><\/p>\n","protected":false},"excerpt":{"rendered":"<p>Administra\u0163ia Na\u0163ional\u0103 de Meteorologie a transmis o aten\u021bionare tip cod galben de<\/p>\n","protected":false},"author":1,"featured_media":0,"comment_status":"open","ping_status":"open","sticky":false,"template":"","format":"standard","meta":{"footnotes":""},"categories":[6],"tags":[],"class_list":["post-80005","post","type-post","status-publish","format-standard","hentry","category-breaking-news"],"_links":{"self":[{"href":"https:\/\/www.giurgiuveanul.ro\/stiri\/wp-json\/wp\/v2\/posts\/80005","targetHints":{"allow":["GET"]}}],"collection":[{"href":"https:\/\/www.giurgiuveanul.ro\/stiri\/wp-json\/wp\/v2\/posts"}],"about":[{"href":"https:\/\/www.giurgiuveanul.ro\/stiri\/wp-json\/wp\/v2\/types\/post"}],"author":[{"embeddable":true,"href":"https:\/\/www.giurgiuveanul.ro\/stiri\/wp-json\/wp\/v2\/users\/1"}],"replies":[{"embeddable":true,"href":"https:\/\/www.giurgiuveanul.ro\/stiri\/wp-json\/wp\/v2\/comments?post=80005"}],"version-history":[{"count":0,"href":"https:\/\/www.giurgiuveanul.ro\/stiri\/wp-json\/wp\/v2\/posts\/80005\/revisions"}],"wp:attachment":[{"href":"https:\/\/www.giurgiuveanul.ro\/stiri\/wp-json\/wp\/v2\/media?parent=80005"}],"wp:term":[{"taxonomy":"category","embeddable":true,"href":"https:\/\/www.giurgiuveanul.ro\/stiri\/wp-json\/wp\/v2\/categories?post=80005"},{"taxonomy":"post_tag","embeddable":true,"href":"https:\/\/www.giurgiuveanul.ro\/stiri\/wp-json\/wp\/v2\/tags?post=80005"}],"curies":[{"name":"wp","href":"https:\/\/api.w.org\/{rel}","templated":true}]}}