{"id":80014,"date":"2021-05-18T15:14:27","date_gmt":"2021-05-18T12:14:27","guid":{"rendered":"https:\/\/www.giurgiuveanul.ro\/stiri\/?p=80014"},"modified":"2021-05-18T16:14:47","modified_gmt":"2021-05-18T13:14:47","slug":"om-cu-om-oprim-pandemia-maratonul-vaccinarii-la-vedea","status":"publish","type":"post","link":"https:\/\/www.giurgiuveanul.ro\/stiri\/om-cu-om-oprim-pandemia-maratonul-vaccinarii-la-vedea\/","title":{"rendered":"OM cu OM oprim pandemia! Maratonul vaccin\u0103rii la Vedea!"},"content":{"rendered":"<p style=\"text-align: justify;\"><a href=\"https:\/\/www.giurgiuveanul.ro\/stiri\/wp-content\/uploads\/2021\/05\/186939941_1606375303085775_1544797629457033389_n.jpg\"><img loading=\"lazy\" decoding=\"async\" class=\"aligncenter wp-image-80015\" src=\"https:\/\/www.giurgiuveanul.ro\/stiri\/wp-content\/uploads\/2021\/05\/186939941_1606375303085775_1544797629457033389_n-560x291.jpg\" alt=\"\" width=\"587\" height=\"305\" srcset=\"https:\/\/www.giurgiuveanul.ro\/stiri\/wp-content\/uploads\/2021\/05\/186939941_1606375303085775_1544797629457033389_n-560x291.jpg 560w, https:\/\/www.giurgiuveanul.ro\/stiri\/wp-content\/uploads\/2021\/05\/186939941_1606375303085775_1544797629457033389_n-250x130.jpg 250w, https:\/\/www.giurgiuveanul.ro\/stiri\/wp-content\/uploads\/2021\/05\/186939941_1606375303085775_1544797629457033389_n-768x398.jpg 768w, https:\/\/www.giurgiuveanul.ro\/stiri\/wp-content\/uploads\/2021\/05\/186939941_1606375303085775_1544797629457033389_n-400x208.jpg 400w, https:\/\/www.giurgiuveanul.ro\/stiri\/wp-content\/uploads\/2021\/05\/186939941_1606375303085775_1544797629457033389_n.jpg 960w\" sizes=\"auto, (max-width: 587px) 100vw, 587px\" \/><\/a>S\u00e2mb\u0103t\u0103<!--more--> \u0219i duminic\u0103, 22 \u015fi 23 mai 2021, va avea loc maratonul vaccin\u0103rii la Vedea! To\u021bi cei interesa\u021bi sunt a\u0219tepta\u021bi \u00een comuna Vedea, la \u0218coala gimnazial\u0103 \u201eApostol Arsache\u201d, \u00eentre orele 08.00-18.00, imunizarea f\u0103c\u00e2ndu-se cu ser de la <strong>Pfizer BioNTech<\/strong>.<\/p>\n<p style=\"text-align: justify;\">Se pot prezenta la vaccinare toate persoanele care au \u00eemplinit v\u00e2rsta de 16 ani, f\u0103r\u0103 programare, doar cu buletinul de identitate.<\/p>\n<p style=\"text-align: justify;\">Primarul comunei Vedea, <strong>Marian \u0162aga<\/strong>, face un apel c\u0103tre locuitori pe care \u00eei roag\u0103 s\u0103 lase \u00a0deoparte treaba \u0219i distrac\u021bia pentru a merge s\u0103 se vaccineze.<\/p>\n<p>&nbsp;<\/p>\n","protected":false},"excerpt":{"rendered":"<p>S\u00e2mb\u0103t\u0103<\/p>\n","protected":false},"author":1,"featured_media":0,"comment_status":"open","ping_status":"open","sticky":false,"template":"","format":"standard","meta":{"footnotes":""},"categories":[6],"tags":[],"class_list":["post-80014","post","type-post","status-publish","format-standard","hentry","category-breaking-news"],"_links":{"self":[{"href":"https:\/\/www.giurgiuveanul.ro\/stiri\/wp-json\/wp\/v2\/posts\/80014","targetHints":{"allow":["GET"]}}],"collection":[{"href":"https:\/\/www.giurgiuveanul.ro\/stiri\/wp-json\/wp\/v2\/posts"}],"about":[{"href":"https:\/\/www.giurgiuveanul.ro\/stiri\/wp-json\/wp\/v2\/types\/post"}],"author":[{"embeddable":true,"href":"https:\/\/www.giurgiuveanul.ro\/stiri\/wp-json\/wp\/v2\/users\/1"}],"replies":[{"embeddable":true,"href":"https:\/\/www.giurgiuveanul.ro\/stiri\/wp-json\/wp\/v2\/comments?post=80014"}],"version-history":[{"count":0,"href":"https:\/\/www.giurgiuveanul.ro\/stiri\/wp-json\/wp\/v2\/posts\/80014\/revisions"}],"wp:attachment":[{"href":"https:\/\/www.giurgiuveanul.ro\/stiri\/wp-json\/wp\/v2\/media?parent=80014"}],"wp:term":[{"taxonomy":"category","embeddable":true,"href":"https:\/\/www.giurgiuveanul.ro\/stiri\/wp-json\/wp\/v2\/categories?post=80014"},{"taxonomy":"post_tag","embeddable":true,"href":"https:\/\/www.giurgiuveanul.ro\/stiri\/wp-json\/wp\/v2\/tags?post=80014"}],"curies":[{"name":"wp","href":"https:\/\/api.w.org\/{rel}","templated":true}]}}