{"id":80114,"date":"2021-05-22T14:55:25","date_gmt":"2021-05-22T11:55:25","guid":{"rendered":"https:\/\/www.giurgiuveanul.ro\/stiri\/?p=80114"},"modified":"2021-05-22T15:05:03","modified_gmt":"2021-05-22T12:05:03","slug":"ultima-ora-giurgiuveanca-daryela-elena-medalie-de-aur-la-turneul-organizat-de-federatia-romana-de-tenis-la-sibiu-felicitari-daryella-felicitari-echipei-foto","status":"publish","type":"post","link":"https:\/\/www.giurgiuveanul.ro\/stiri\/ultima-ora-giurgiuveanca-daryela-elena-medalie-de-aur-la-turneul-organizat-de-federatia-romana-de-tenis-la-sibiu-felicitari-daryella-felicitari-echipei-foto\/","title":{"rendered":"ULTIMA OR\u0102! Giurgiuveanca Daryela Elena, medalie de aur la turneul organizat de Federa\u0163ia Rom\u00e2n\u0103 de Tenis, la Sibiu! Felicit\u0103ri, Daryela, felicit\u0103ri, echipei! (FOTO)"},"content":{"rendered":"<p style=\"text-align: justify;\"><strong><a href=\"https:\/\/www.giurgiuveanul.ro\/stiri\/wp-content\/uploads\/2021\/05\/5-6.jpg\"><img loading=\"lazy\" decoding=\"async\" class=\"aligncenter wp-image-80119\" src=\"https:\/\/www.giurgiuveanul.ro\/stiri\/wp-content\/uploads\/2021\/05\/5-6-337x450.jpg\" alt=\"\" width=\"587\" height=\"784\" srcset=\"https:\/\/www.giurgiuveanul.ro\/stiri\/wp-content\/uploads\/2021\/05\/5-6-337x450.jpg 337w, https:\/\/www.giurgiuveanul.ro\/stiri\/wp-content\/uploads\/2021\/05\/5-6-224x300.jpg 224w, https:\/\/www.giurgiuveanul.ro\/stiri\/wp-content\/uploads\/2021\/05\/5-6-768x1027.jpg 768w, https:\/\/www.giurgiuveanul.ro\/stiri\/wp-content\/uploads\/2021\/05\/5-6-1149x1536.jpg 1149w, https:\/\/www.giurgiuveanul.ro\/stiri\/wp-content\/uploads\/2021\/05\/5-6-400x535.jpg 400w, https:\/\/www.giurgiuveanul.ro\/stiri\/wp-content\/uploads\/2021\/05\/5-6.jpg 1197w\" sizes=\"auto, (max-width: 587px) 100vw, 587px\" \/><\/a>Ast\u0103zi, 22 mai 2021, \u00een cadrul turneului<!--more--> organizat de Federa\u0163ia Rom\u00e2n\u0103 de Tenis, la Sibiu, micu\u0163a noastr\u0103 giurgiuveanc\u0103 Daryela Elena\u00a0 a dominat ob\u021bin\u00e2nd locul l &#8211; medalie de aur.<\/strong><\/p>\n<p style=\"text-align: justify;\">Frumos cadou de ziua ei.<\/p>\n<p style=\"text-align: justify;\">M\u00e2ine, tenismena noastr\u0103 ne va reprezenta la un alt turneu, \u00een Constan\u0163a&#8230; deci s\u0103-i \u0163inem pumnii!<\/p>\n<p style=\"text-align: justify;\">At\u00e2t la turneele FRT c\u00e2t \u0219i la cele MPG, tenismenii giurgiuveni ob\u021bin rezultate prin a c\u0103ror valoare promoveaz\u0103 calit\u0103\u021bile copiilor no\u0219tri.<\/p>\n<p style=\"text-align: justify;\">Pepiniera Paraschiv&#8217;s Tennis se impune din ce in ce mai mult \u00een lumea tenisului national.<\/p>\n<p><a href=\"https:\/\/www.giurgiuveanul.ro\/stiri\/wp-content\/uploads\/2021\/05\/2-7.jpg\"><img loading=\"lazy\" decoding=\"async\" class=\"aligncenter wp-image-80116\" src=\"https:\/\/www.giurgiuveanul.ro\/stiri\/wp-content\/uploads\/2021\/05\/2-7-380x450.jpg\" alt=\"\" width=\"492\" height=\"583\" srcset=\"https:\/\/www.giurgiuveanul.ro\/stiri\/wp-content\/uploads\/2021\/05\/2-7-380x450.jpg 380w, https:\/\/www.giurgiuveanul.ro\/stiri\/wp-content\/uploads\/2021\/05\/2-7-250x296.jpg 250w, https:\/\/www.giurgiuveanul.ro\/stiri\/wp-content\/uploads\/2021\/05\/2-7-768x911.jpg 768w, https:\/\/www.giurgiuveanul.ro\/stiri\/wp-content\/uploads\/2021\/05\/2-7-400x474.jpg 400w, https:\/\/www.giurgiuveanul.ro\/stiri\/wp-content\/uploads\/2021\/05\/2-7.jpg 1196w\" sizes=\"auto, (max-width: 492px) 100vw, 492px\" \/><\/a> <a href=\"https:\/\/www.giurgiuveanul.ro\/stiri\/wp-content\/uploads\/2021\/05\/3-7.jpg\"><img loading=\"lazy\" decoding=\"async\" class=\"aligncenter wp-image-80117\" src=\"https:\/\/www.giurgiuveanul.ro\/stiri\/wp-content\/uploads\/2021\/05\/3-7-338x450.jpg\" alt=\"\" width=\"502\" height=\"668\" srcset=\"https:\/\/www.giurgiuveanul.ro\/stiri\/wp-content\/uploads\/2021\/05\/3-7-338x450.jpg 338w, https:\/\/www.giurgiuveanul.ro\/stiri\/wp-content\/uploads\/2021\/05\/3-7-225x300.jpg 225w, https:\/\/www.giurgiuveanul.ro\/stiri\/wp-content\/uploads\/2021\/05\/3-7-768x1024.jpg 768w, https:\/\/www.giurgiuveanul.ro\/stiri\/wp-content\/uploads\/2021\/05\/3-7-400x533.jpg 400w, https:\/\/www.giurgiuveanul.ro\/stiri\/wp-content\/uploads\/2021\/05\/3-7.jpg 1000w\" sizes=\"auto, (max-width: 502px) 100vw, 502px\" \/><\/a> <a href=\"https:\/\/www.giurgiuveanul.ro\/stiri\/wp-content\/uploads\/2021\/05\/4-7.jpg\"><img loading=\"lazy\" decoding=\"async\" class=\"aligncenter size-large wp-image-80118\" src=\"https:\/\/www.giurgiuveanul.ro\/stiri\/wp-content\/uploads\/2021\/05\/4-7-560x420.jpg\" alt=\"\" width=\"560\" height=\"420\" srcset=\"https:\/\/www.giurgiuveanul.ro\/stiri\/wp-content\/uploads\/2021\/05\/4-7-560x420.jpg 560w, https:\/\/www.giurgiuveanul.ro\/stiri\/wp-content\/uploads\/2021\/05\/4-7-250x188.jpg 250w, https:\/\/www.giurgiuveanul.ro\/stiri\/wp-content\/uploads\/2021\/05\/4-7-768x576.jpg 768w, https:\/\/www.giurgiuveanul.ro\/stiri\/wp-content\/uploads\/2021\/05\/4-7-1536x1152.jpg 1536w, https:\/\/www.giurgiuveanul.ro\/stiri\/wp-content\/uploads\/2021\/05\/4-7-400x300.jpg 400w, https:\/\/www.giurgiuveanul.ro\/stiri\/wp-content\/uploads\/2021\/05\/4-7.jpg 1600w\" sizes=\"auto, (max-width: 560px) 100vw, 560px\" \/><\/a><a href=\"https:\/\/www.giurgiuveanul.ro\/stiri\/wp-content\/uploads\/2021\/05\/1-7.jpg\"><img loading=\"lazy\" decoding=\"async\" class=\"aligncenter wp-image-80115\" src=\"https:\/\/www.giurgiuveanul.ro\/stiri\/wp-content\/uploads\/2021\/05\/1-7-355x450.jpg\" alt=\"\" width=\"523\" height=\"663\" srcset=\"https:\/\/www.giurgiuveanul.ro\/stiri\/wp-content\/uploads\/2021\/05\/1-7-355x450.jpg 355w, https:\/\/www.giurgiuveanul.ro\/stiri\/wp-content\/uploads\/2021\/05\/1-7-237x300.jpg 237w, https:\/\/www.giurgiuveanul.ro\/stiri\/wp-content\/uploads\/2021\/05\/1-7-768x973.jpg 768w, https:\/\/www.giurgiuveanul.ro\/stiri\/wp-content\/uploads\/2021\/05\/1-7-400x507.jpg 400w, https:\/\/www.giurgiuveanul.ro\/stiri\/wp-content\/uploads\/2021\/05\/1-7.jpg 1196w\" sizes=\"auto, (max-width: 523px) 100vw, 523px\" \/><\/a><\/p>\n<p style=\"text-align: justify;\">Rezultatele nu sunt \u00eent\u00e2mpl\u0103toare, din contra, sunt rodul muncii, perseverentei, r\u0103bd\u0103rii, ascult\u0103rii pe care p\u0103rin\u021bii o dau sfaturilor \u0219i experien\u021bei, dar \u0219i a managementului organiza\u021bional exercitat asupra echipei tehnice formata din:<\/p>\n<p style=\"text-align: justify;\">Mirona Blaga &#8211; mental coach sport;<\/p>\n<p style=\"text-align: justify;\">Kineto &#8211; Alin Paraschiv;<\/p>\n<p style=\"text-align: justify;\">Tehnician maseur &#8211; Andrei Teodorescu.<\/p>\n<p style=\"text-align: justify;\">Pentru prof. C\u0103t\u0103lin Paraschiv, to\u021bi copiii pot deveni campioni.<\/p>\n<p style=\"text-align: justify;\">Felicit\u0103ri, Daryella, felicit\u0103ri echipei!<\/p>\n","protected":false},"excerpt":{"rendered":"<p>Ast\u0103zi, 22 mai 2021, \u00een cadrul turneului<\/p>\n","protected":false},"author":1,"featured_media":0,"comment_status":"open","ping_status":"open","sticky":false,"template":"","format":"standard","meta":{"footnotes":""},"categories":[6],"tags":[],"class_list":["post-80114","post","type-post","status-publish","format-standard","hentry","category-breaking-news"],"_links":{"self":[{"href":"https:\/\/www.giurgiuveanul.ro\/stiri\/wp-json\/wp\/v2\/posts\/80114","targetHints":{"allow":["GET"]}}],"collection":[{"href":"https:\/\/www.giurgiuveanul.ro\/stiri\/wp-json\/wp\/v2\/posts"}],"about":[{"href":"https:\/\/www.giurgiuveanul.ro\/stiri\/wp-json\/wp\/v2\/types\/post"}],"author":[{"embeddable":true,"href":"https:\/\/www.giurgiuveanul.ro\/stiri\/wp-json\/wp\/v2\/users\/1"}],"replies":[{"embeddable":true,"href":"https:\/\/www.giurgiuveanul.ro\/stiri\/wp-json\/wp\/v2\/comments?post=80114"}],"version-history":[{"count":0,"href":"https:\/\/www.giurgiuveanul.ro\/stiri\/wp-json\/wp\/v2\/posts\/80114\/revisions"}],"wp:attachment":[{"href":"https:\/\/www.giurgiuveanul.ro\/stiri\/wp-json\/wp\/v2\/media?parent=80114"}],"wp:term":[{"taxonomy":"category","embeddable":true,"href":"https:\/\/www.giurgiuveanul.ro\/stiri\/wp-json\/wp\/v2\/categories?post=80114"},{"taxonomy":"post_tag","embeddable":true,"href":"https:\/\/www.giurgiuveanul.ro\/stiri\/wp-json\/wp\/v2\/tags?post=80114"}],"curies":[{"name":"wp","href":"https:\/\/api.w.org\/{rel}","templated":true}]}}