{"id":80583,"date":"2021-06-10T17:43:33","date_gmt":"2021-06-10T14:43:33","guid":{"rendered":"https:\/\/www.giurgiuveanul.ro\/stiri\/?p=80583"},"modified":"2021-06-10T17:43:46","modified_gmt":"2021-06-10T14:43:46","slug":"3-zile-pana-la-primul-meci-uefa-euro-2020-la-bucuresti-managerul-de-stadion-uefa-a-primit-cheia-arenei-nationale","status":"publish","type":"post","link":"https:\/\/www.giurgiuveanul.ro\/stiri\/3-zile-pana-la-primul-meci-uefa-euro-2020-la-bucuresti-managerul-de-stadion-uefa-a-primit-cheia-arenei-nationale\/","title":{"rendered":"3 zile p\u00e2n\u0103 la primul meci UEFA EURO 2020 la Bucure\u0219ti: managerul de stadion UEFA a primit cheia Arenei Na\u021bionale!"},"content":{"rendered":"<p style=\"text-align: justify;\"><strong><a href=\"https:\/\/www.giurgiuveanul.ro\/stiri\/wp-content\/uploads\/2021\/06\/Mukovoz_Candea_RPS_7462-696x511-1.jpg\"><img loading=\"lazy\" decoding=\"async\" class=\"aligncenter  wp-image-80584\" src=\"https:\/\/www.giurgiuveanul.ro\/stiri\/wp-content\/uploads\/2021\/06\/Mukovoz_Candea_RPS_7462-696x511-1-560x411.jpg\" alt=\"\" width=\"580\" height=\"426\" srcset=\"https:\/\/www.giurgiuveanul.ro\/stiri\/wp-content\/uploads\/2021\/06\/Mukovoz_Candea_RPS_7462-696x511-1-560x411.jpg 560w, https:\/\/www.giurgiuveanul.ro\/stiri\/wp-content\/uploads\/2021\/06\/Mukovoz_Candea_RPS_7462-696x511-1-250x184.jpg 250w, https:\/\/www.giurgiuveanul.ro\/stiri\/wp-content\/uploads\/2021\/06\/Mukovoz_Candea_RPS_7462-696x511-1-400x294.jpg 400w, https:\/\/www.giurgiuveanul.ro\/stiri\/wp-content\/uploads\/2021\/06\/Mukovoz_Candea_RPS_7462-696x511-1.jpg 696w\" sizes=\"auto, (max-width: 580px) 100vw, 580px\" \/><\/a>Duminic\u0103, 13 iunie,<!--more--> de la ora 19:00, pe Arena Na\u021bional\u0103 se va juca primul din cele patru meciuri g\u0103zduite de Bucure\u0219ti la UEFA EURO 2020, Austria \u2013 Macedonia de Nord.<\/strong><\/p>\n<p style=\"text-align: justify;\">Joi, 10 iunie, la stadion a fost organizat\u0103 o conferin\u021b\u0103 de pres\u0103 \u00een care managerului de stadion UEFA i-a fost \u00eenm\u00e2nat\u0103, nu doar simbolic, cheia Arenei Na\u021bionale.<\/p>\n<p style=\"text-align: justify;\"><em>\u201eMul\u021bumiri tuturor celor implica\u021bi \u00een organizarea UEFA EURO 2020 la Bucure\u0219ti. Proiectul din Capitala noastr\u0103 a fost unul stabil, \u00een ciuda schimb\u0103rii a \u0219apte guverne \u0219i a patru administra\u021bii locale pe durata preg\u0103tirilor. Toate scrisorile de garan\u021bie au fost semnate p\u00e2n\u0103 la finalul lui 2019, am fost primul ora\u0219-gazd\u0103 care a anun\u021bat c\u0103 vrea s\u0103 continue \u00een proiect dup\u0103 am\u00e2narea acestuia \u00een contextul pandemiei, am avut onoarea de a g\u0103zdui, \u00een noiembrie 2019, tragerea la sor\u021bi a fazei grupelor. Am fost mereu o echip\u0103 care a adus bucuria fotbalului \u00een ora\u0219ul nostru, desigur, \u00een parametrii configura\u021bi \u00eempreun\u0103 \u00een ciuda pandemiei. Iar \u00eencep\u00e2nd de ieri, Guvernul Rom\u00e2niei de-a oferit posibilitatea de a cre\u0219te la 50 la sut\u0103 num\u0103rul de spectatori pentru ultimul meci de la Bucure\u0219ti, optimea de final\u0103 din 28 iunie. A\u0219tept\u0103m to\u021bi fanii fotbalului s\u0103 se bucure de acest turneu\u201d<\/em>, a declarat Florin \u0218ari, managerul de proiect UEFA EURO 2020 la Bucure\u0219ti.<\/p>\n<p style=\"text-align: justify;\"><em>\u201eSuntem \u00een grafic \u0219i mul\u021bumi\u021bi cu toate preg\u0103tirile de la stadion \u00eenaintea startului competi\u021biei. Vom face tot ce depinde de noi pentru a asigura siguran\u021ba tuturor spectatorilor prezen\u021bi la meciuri. V\u0103 a\u0219tept\u0103m la meciurile de la EURO!\u201d<\/em>\u00a0a fost mesajul lui Taras Mukovoz, Venue Manager UEFA. Acesta a primit cheia care permite accesul \u00een toate zonele stadionului de la Alexandru C\u00e2ndea, manager opera\u021bional UEFA EURO 2020 la Bucure\u0219ti.\u00a0<em>\u201eUltimele dou\u0103 luni au fost intense, am transformat \u00eentregul complex \u00eentr-un ora\u0219 propriu-zis. Mul\u021bumesc tuturor celor care au fost implica\u021bi \u00een organizare \u00een toat\u0103 aceast\u0103 perioad\u0103, dar \u00een special echipei de voluntari care a contribuit decisiv la acest proiect. Stadionul este preg\u0103tit, transformarea lui e impresionant\u0103\u201d<\/em>, a spus Alexandru C\u00e2ndea.<\/p>\n<p style=\"text-align: justify;\">R\u0103zvan Mitroi, Manager Comunicare UEFA EURO 2020 la Bucure\u0219ti, a f\u0103cut o serie de preciz\u0103ri privind procedura de acces a spectatorilor pe stadion, prezentat\u0103 \u00een detaliu\u00a0<a href=\"https:\/\/www.frf.ro\/recomandate\/procedura-de-acces-pe-arena-nationala-la-partidele-uefa-euro-2020-testarea-rapida-incepe-cu-24-de-ore-inaintea-deschiderii-portilor\/\" target=\"_blank\" rel=\"noopener noreferrer\"><span class=\"td_text_highlight_marker_red td_text_highlight_marker\"><strong>AICI<\/strong><\/span><\/a>, \u0219i a reiterat faptul c\u0103 purtarea m\u0103\u0219tii este obligatorie \u00een perimetrul Arenei Na\u021bionale, conform normelor UEFA.\u00a0<em>\u201eExpertiza dob\u00e2ndit\u0103 \u00een organizarea UEFA EURO 2020 la Bucure\u0219ti o vom folosi pentru viitoarele competi\u021bii pe care \u021bara noastr\u0103 le va g\u0103zdui. \u00cen 2023, \u00een Rom\u00e2nia se va juca EURO U21, iar peste al\u021bi doi ani, \u00een 2025, vom fi gazda Campionatului European sub 19 ani. Prin proiectele de infrastructur\u0103 finalizate recent vom intra pe harta marilor competi\u021bii sportive\u201d<\/em>, a ad\u0103ugat R\u0103zvan Mitroi.<\/p>\n","protected":false},"excerpt":{"rendered":"<p>Duminic\u0103, 13 iunie,<\/p>\n","protected":false},"author":1,"featured_media":0,"comment_status":"open","ping_status":"open","sticky":false,"template":"","format":"standard","meta":{"footnotes":""},"categories":[71],"tags":[],"class_list":["post-80583","post","type-post","status-publish","format-standard","hentry","category-sport"],"_links":{"self":[{"href":"https:\/\/www.giurgiuveanul.ro\/stiri\/wp-json\/wp\/v2\/posts\/80583","targetHints":{"allow":["GET"]}}],"collection":[{"href":"https:\/\/www.giurgiuveanul.ro\/stiri\/wp-json\/wp\/v2\/posts"}],"about":[{"href":"https:\/\/www.giurgiuveanul.ro\/stiri\/wp-json\/wp\/v2\/types\/post"}],"author":[{"embeddable":true,"href":"https:\/\/www.giurgiuveanul.ro\/stiri\/wp-json\/wp\/v2\/users\/1"}],"replies":[{"embeddable":true,"href":"https:\/\/www.giurgiuveanul.ro\/stiri\/wp-json\/wp\/v2\/comments?post=80583"}],"version-history":[{"count":0,"href":"https:\/\/www.giurgiuveanul.ro\/stiri\/wp-json\/wp\/v2\/posts\/80583\/revisions"}],"wp:attachment":[{"href":"https:\/\/www.giurgiuveanul.ro\/stiri\/wp-json\/wp\/v2\/media?parent=80583"}],"wp:term":[{"taxonomy":"category","embeddable":true,"href":"https:\/\/www.giurgiuveanul.ro\/stiri\/wp-json\/wp\/v2\/categories?post=80583"},{"taxonomy":"post_tag","embeddable":true,"href":"https:\/\/www.giurgiuveanul.ro\/stiri\/wp-json\/wp\/v2\/tags?post=80583"}],"curies":[{"name":"wp","href":"https:\/\/api.w.org\/{rel}","templated":true}]}}