{"id":80620,"date":"2021-06-11T21:46:45","date_gmt":"2021-06-11T18:46:45","guid":{"rendered":"https:\/\/www.giurgiuveanul.ro\/stiri\/?p=80620"},"modified":"2021-06-11T21:48:57","modified_gmt":"2021-06-11T18:48:57","slug":"senatorul-toma-petcu-il-sustin-pe-dan-motreanu","status":"publish","type":"post","link":"https:\/\/www.giurgiuveanul.ro\/stiri\/senatorul-toma-petcu-il-sustin-pe-dan-motreanu\/","title":{"rendered":"Senatorul Toma Petcu: \u201e\u00cel sus\u0163in pe Dan Motreanu!\u201d"},"content":{"rendered":"<p style=\"text-align: justify;\"><strong><a href=\"https:\/\/www.giurgiuveanul.ro\/stiri\/wp-content\/uploads\/2021\/06\/199158886_1151725098654732_5843406309619534587_n.jpg\"><img loading=\"lazy\" decoding=\"async\" class=\"aligncenter wp-image-80621\" src=\"https:\/\/www.giurgiuveanul.ro\/stiri\/wp-content\/uploads\/2021\/06\/199158886_1151725098654732_5843406309619534587_n-469x450.jpg\" alt=\"\" width=\"578\" height=\"555\" srcset=\"https:\/\/www.giurgiuveanul.ro\/stiri\/wp-content\/uploads\/2021\/06\/199158886_1151725098654732_5843406309619534587_n-469x450.jpg 469w, https:\/\/www.giurgiuveanul.ro\/stiri\/wp-content\/uploads\/2021\/06\/199158886_1151725098654732_5843406309619534587_n-250x240.jpg 250w, https:\/\/www.giurgiuveanul.ro\/stiri\/wp-content\/uploads\/2021\/06\/199158886_1151725098654732_5843406309619534587_n-768x737.jpg 768w, https:\/\/www.giurgiuveanul.ro\/stiri\/wp-content\/uploads\/2021\/06\/199158886_1151725098654732_5843406309619534587_n-400x384.jpg 400w, https:\/\/www.giurgiuveanul.ro\/stiri\/wp-content\/uploads\/2021\/06\/199158886_1151725098654732_5843406309619534587_n.jpg 900w\" sizes=\"auto, (max-width: 578px) 100vw, 578px\" \/><\/a>Dup\u0103 foarte mult timp<!--more--> au fost reluate, \u00een prezen\u021b\u0103 fizic\u0103, \u0219edin\u021bele Partidului Na\u021bional Liberal.<\/strong><\/p>\n<p><a href=\"https:\/\/www.giurgiuveanul.ro\/stiri\/wp-content\/uploads\/2021\/06\/198693073_1151725078654734_176666371114146218_n.jpg\"><img loading=\"lazy\" decoding=\"async\" class=\"aligncenter  wp-image-80625\" src=\"https:\/\/www.giurgiuveanul.ro\/stiri\/wp-content\/uploads\/2021\/06\/198693073_1151725078654734_176666371114146218_n-426x450.jpg\" alt=\"\" width=\"549\" height=\"580\" srcset=\"https:\/\/www.giurgiuveanul.ro\/stiri\/wp-content\/uploads\/2021\/06\/198693073_1151725078654734_176666371114146218_n-426x450.jpg 426w, https:\/\/www.giurgiuveanul.ro\/stiri\/wp-content\/uploads\/2021\/06\/198693073_1151725078654734_176666371114146218_n-250x264.jpg 250w, https:\/\/www.giurgiuveanul.ro\/stiri\/wp-content\/uploads\/2021\/06\/198693073_1151725078654734_176666371114146218_n-768x811.jpg 768w, https:\/\/www.giurgiuveanul.ro\/stiri\/wp-content\/uploads\/2021\/06\/198693073_1151725078654734_176666371114146218_n-400x422.jpg 400w, https:\/\/www.giurgiuveanul.ro\/stiri\/wp-content\/uploads\/2021\/06\/198693073_1151725078654734_176666371114146218_n.jpg 900w\" sizes=\"auto, (max-width: 549px) 100vw, 549px\" \/><\/a><\/p>\n<p style=\"text-align: justify;\">\u201eIeri, 10 iunie 2021, a avut loc \u0219edin\u021ba Comitetului Director Jude\u021bean, unde am avut ocazia mult a\u0219teptat\u0103 de a m\u0103 \u00eent\u00e2lni cu mul\u021bi dintre colegii \u0219i prietenii mei. La \u00eentrunire s-a discutat despre realiz\u0103rile din administra\u021bie \u0219i politic\u0103 din ultimele \u0219ase luni, \u00eens\u0103 evenimentul cel mai important din cadrul reuniunii, a fost anun\u021bul pre\u0219edintelui interimar al organiza\u021biei, Dan Motreanu.<\/p>\n<p style=\"text-align: justify;\">Dup\u0103 ce a prezentat realiz\u0103rile sale din mandatul de pre\u0219edinte interimar al organiza\u021biei PNL Giurgiu, #Dan_Motreanu, a f\u0103cut anun\u021bul pe care majoritatea membrilor #PNL \u00eel a\u0219teptau, acela c\u0103 \u00ee\u0219i va depune candidatura pentru a fi ales pre\u0219edinte al organiza\u021biei pe care a coagulat-o \u0219i a condus-o spre succes, bine\u00een\u021beles, cu sprijinul \u0219i sus\u021binerea tuturor colegilor primari, pre\u0219edin\u021bi de organiza\u021bii, consilieri jude\u021beni, consilieri municipali, oamenii care conteaz\u0103 cel mai mult, care, p\u00e2n\u0103 la urm\u0103, reprezint\u0103 coloana vertebral\u0103 a acestui partid.<\/p>\n<p style=\"text-align: justify;\">Doresc s\u0103 v\u0103 spun clar c\u0103 sunt un sus\u021bin\u0103tor necondi\u021bionat al lui Dan Motreanu, \u0219i nu pentru c\u0103 Dan Motreanu este \u00een acest moment pre\u0219edintele PNL Giurgiu \u0219i unul dintre cei mai importan\u021bi lideri la nivel na\u021bional, ci pentru c\u0103 Dan Motreanu, sau, sub comanda sa, PNL Giurgiu a reu\u0219it cele mai importante rezultate din istoria organiza\u021biei, ceea ce-l legitimeaz\u0103 pe Dan Motreanu ca cel mai performant, dinamic \u0219i apreciat lider.<\/p>\n<p style=\"text-align: justify;\">Cu Dan Motreanu la conducere, PNL Giurgiu a reu\u0219it pentru prima dat\u0103 s\u0103 ob\u021bin\u0103 majoritate \u00een Consiliul Jude\u021bean, neav\u00e2nd nevoie de niciun partid pentru crearea majorit\u0103\u021bii, am reu\u0219it s\u0103 c\u00e2\u0219tig\u0103m pre\u0219edin\u021bia Consiliului Jude\u021bean cu un procent de aproape 50%, am reu\u0219it s\u0103 avem un num\u0103r de 34 de primari-performan\u021b\u0103 neatins\u0103 p\u00e2n\u0103 acum, iar la alegerile parlamentare PNL Giurgiu am ob\u021binut un procent de 47%.<\/p>\n<p style=\"text-align: justify;\">Toate aceste rezultate, unice, ale organiza\u021biei PNL Giurgiu, au fost posibile datorit\u0103 echilibrului, calmului \u0219i a faptului c\u0103 Dan Motreanu a \u0219tiut s\u0103 conduc\u0103 o organiza\u021bie care a fost ref\u0103cut\u0103 din buc\u0103\u021bi \u0219i din lideri cu personalitate, care, poate, de-a lungul timpului, n-au avut acela\u0219i punct de vedere, aceea\u0219i viziune politic\u0103, \u0219i poate, la un moment dat, au fost chiar competitori interni sau externi, dar faptul c\u0103 Dan Motreanu a avut capacitatea de a ne a\u0219eza la masa discu\u021biilor pe to\u021bi, a f\u0103cut posibil\u0103 \u00eentreaga performan\u021b\u0103 despre care v-am vorbit.\u00a0\u00a0\u00a0 Totodat\u0103, afirm c\u0103 Dan Motreanu este mai giurgiuvean dec\u00e2t noi giurgiuvenii, \u0219i pentru asta, \u00eel sus\u021bin! Am v\u0103zut \u00een toat\u0103 aceast\u0103 perioad\u0103, de 1 an \u0219i jum\u0103tate de c\u00e2nd lucrez cu Dan Motreanu, cum prive\u0219te Dan Motreanu Giurgiu, giurgiuvenii, cum este foarte interesat de dezvoltarea economic\u0103 \u0219i de bun\u0103starea ora\u0219ului \u0219i a jude\u021bului, cum, de fiecare dat\u0103 este interesat s\u0103 ob\u021bin\u0103 noi finan\u021b\u0103ri, fie c\u0103 vorbim de finan\u021b\u0103ri publice din fonduri guvernamentale sau europene, sau de finan\u021b\u0103ri private pentru dezvoltarea unor obiective economice, astfel \u00eenc\u00e2t, municipiul \u0219i jude\u021bul nostru s\u0103 se dezvolte de la o zi la alta. \u00cen concluzie, din punctul meu de vedere, pentru c\u0103 are o grij\u0103 special\u0103 pentru Giurgiu \u0219i pentru giurgiuveni, Dan Motreanu este mai giurgiuvean dec\u00e2t mul\u021bi lideri de partid, \u0219i nu consider, a\u0219a cum, probabil, vor \u00eencerca unii sau al\u021bii s\u0103 spun\u0103, c\u0103 \u201ecineva care vine din afar\u0103, nu este capabil s\u0103 conduc\u0103 Giurgiu \u0219i pe giurgiuveni\u201d, dimpotriv\u0103, Motreanu a dovedit contrariul. Sunt convins c\u0103 toate calit\u0103\u021bile sale de lider \u00eel impun lejer ca pre\u0219edinte al organiza\u021biei PNL Giurgiu \u0219i, din punctul meu de vedere, \u00eentr-o func\u021bie c\u00e2t mai important\u0103 la nivel na\u021bional \u00een viitoarele alegeri, indiferent de ce decizie va lua Dan Motreanu, pentru o func\u021bie \u00een Biroul Na\u021bional, plec\u00e2nd de la cea de pre\u0219edinte, p\u00e2n\u0103 la oricare alt\u0103 func\u021bie a Biroului Na\u021bional, eu, \u0219i sunt convins c\u0103 \u00eentreaga organiza\u021bie, \u00eel vom sus\u021bine pentru aceast\u0103 func\u021bie.<\/p>\n<p style=\"text-align: justify;\">Acum, avem alegerile interne pentru Giurgiu, \u00eel sus\u021bin pe Dan Motreanu \u0219i sunt convins c\u0103 echipa pe care o va construi Dan Motreanu pentru urm\u0103torii patru ani, va ajunge la acel deziderat pe care, a\u0219a cum mul\u021bi anali\u0219ti politici locali au observat, partidele politice nu reu\u0219esc s\u0103-l ating\u0103, acela de a men\u021bine suprema\u021bia dou\u0103 mandate consecutive \u00een jude\u021bul Giurgiu. Sunt convins c\u0103 prin Dan Motreanu, al\u0103turi de echipa pe care o va construi, PNL va reu\u0219i s\u0103 c\u00e2\u0219tige dou\u0103 mandate consecutive \u00een jude\u021bul Giurgiu, de pre\u0219edinte al Consiliului Jude\u021bean \u0219i majoritatea \u00een CJ \u0219i, totodat\u0103, alegerile parlamentare care le urmeaz\u0103 pe cele locale.<\/p>\n<p style=\"text-align: justify;\">Succes, Dan Motreanu, m\u00e2ndru c\u0103 sunt \u00een echipa ta!&#8221;, a postat, pe contul s\u0103u de Facebook, senatorul Toma Petcu.<\/p>\n","protected":false},"excerpt":{"rendered":"<p>Dup\u0103 foarte mult timp<\/p>\n","protected":false},"author":1,"featured_media":0,"comment_status":"open","ping_status":"open","sticky":false,"template":"","format":"standard","meta":{"footnotes":""},"categories":[8],"tags":[],"class_list":["post-80620","post","type-post","status-publish","format-standard","hentry","category-alert-news"],"_links":{"self":[{"href":"https:\/\/www.giurgiuveanul.ro\/stiri\/wp-json\/wp\/v2\/posts\/80620","targetHints":{"allow":["GET"]}}],"collection":[{"href":"https:\/\/www.giurgiuveanul.ro\/stiri\/wp-json\/wp\/v2\/posts"}],"about":[{"href":"https:\/\/www.giurgiuveanul.ro\/stiri\/wp-json\/wp\/v2\/types\/post"}],"author":[{"embeddable":true,"href":"https:\/\/www.giurgiuveanul.ro\/stiri\/wp-json\/wp\/v2\/users\/1"}],"replies":[{"embeddable":true,"href":"https:\/\/www.giurgiuveanul.ro\/stiri\/wp-json\/wp\/v2\/comments?post=80620"}],"version-history":[{"count":0,"href":"https:\/\/www.giurgiuveanul.ro\/stiri\/wp-json\/wp\/v2\/posts\/80620\/revisions"}],"wp:attachment":[{"href":"https:\/\/www.giurgiuveanul.ro\/stiri\/wp-json\/wp\/v2\/media?parent=80620"}],"wp:term":[{"taxonomy":"category","embeddable":true,"href":"https:\/\/www.giurgiuveanul.ro\/stiri\/wp-json\/wp\/v2\/categories?post=80620"},{"taxonomy":"post_tag","embeddable":true,"href":"https:\/\/www.giurgiuveanul.ro\/stiri\/wp-json\/wp\/v2\/tags?post=80620"}],"curies":[{"name":"wp","href":"https:\/\/api.w.org\/{rel}","templated":true}]}}