{"id":80678,"date":"2021-06-14T16:43:59","date_gmt":"2021-06-14T13:43:59","guid":{"rendered":"https:\/\/www.giurgiuveanul.ro\/stiri\/?p=80678"},"modified":"2021-06-14T16:43:59","modified_gmt":"2021-06-14T13:43:59","slug":"inspectoratul-de-politie-judetean-giurgiu-persoana-disparuta","status":"publish","type":"post","link":"https:\/\/www.giurgiuveanul.ro\/stiri\/inspectoratul-de-politie-judetean-giurgiu-persoana-disparuta\/","title":{"rendered":"Inspectoratul de Poli\u0163ie Jude\u0163ean Giurgiu: PERSOAN\u0102 DISP\u0102RUT\u0102"},"content":{"rendered":"<p style=\"text-align: justify;\"><a href=\"https:\/\/www.giurgiuveanul.ro\/stiri\/wp-content\/uploads\/2021\/06\/persoana-disparuta.jpg\"><img loading=\"lazy\" decoding=\"async\" class=\"aligncenter  wp-image-80679\" src=\"https:\/\/www.giurgiuveanul.ro\/stiri\/wp-content\/uploads\/2021\/06\/persoana-disparuta-370x450.jpg\" alt=\"\" width=\"529\" height=\"643\" srcset=\"https:\/\/www.giurgiuveanul.ro\/stiri\/wp-content\/uploads\/2021\/06\/persoana-disparuta-370x450.jpg 370w, https:\/\/www.giurgiuveanul.ro\/stiri\/wp-content\/uploads\/2021\/06\/persoana-disparuta-247x300.jpg 247w, https:\/\/www.giurgiuveanul.ro\/stiri\/wp-content\/uploads\/2021\/06\/persoana-disparuta-400x486.jpg 400w, https:\/\/www.giurgiuveanul.ro\/stiri\/wp-content\/uploads\/2021\/06\/persoana-disparuta.jpg 576w\" sizes=\"auto, (max-width: 529px) 100vw, 529px\" \/><\/a>La data de<!--more--> 31 mai a.c., poli\u021bi\u0219tii din cadrul Poli\u021biei Municipiului Giurgiu au fost sesiza\u021bi prin S.N.U.A.U. 112 de c\u0103tre un instructor din cadrul D.G.A.S.P.C. Giurgiu, cu privire la faptul c\u0103, \u00een cursul aceleia\u0219i zile, minora <strong>CURT ANGELA<\/strong>, <strong>\u00een v\u00e2rst\u0103 de 16 ani<\/strong>, n\u0103scut\u0103 la data de 11.10.2004, \u00een municipiul Bucure\u0219ti, beneficiar\u0103 a m\u0103surii de protec\u021bie special\u0103-plasament \u00een cadrul unei Case de Tip Familial din municipiul Giurgiu a plecat \u00een mod voluntar, f\u0103r\u0103 acordul personalului de serviciu, din cadrul centrului \u0219i nu a mai revenit.<\/p>\n<p style=\"text-align: justify;\">SEMNALMENTE: \u00een\u0103l\u021bime 1,50 metri, greutate 45 kg., constitu\u021bie slab\u0103, p\u0103r negru lung, fa\u021b\u0103 oval\u0103, ochi c\u0103prui, ten brun, sufer\u0103 de strabism.<\/p>\n<p style=\"text-align: justify;\">La momentul plec\u0103rii era \u00eembr\u0103cat\u0103 cu un hanorac de culoare gri, pantalon tip colant de culoare gri cu negru, cu ciorapi \u0219i papuci.<\/p>\n<p style=\"text-align: justify;\">Minora este cunoscut\u0103 cu multiple plec\u0103ri din cadrul institu\u021biilor de protec\u021bie \u0219i asisten\u021b\u0103 social\u0103.<\/p>\n<p style=\"text-align: justify;\">Persoanele care pot oferi informa\u021bii care s\u0103 conduc\u0103 la depistarea tinerei sunt rugate s\u0103 contacteze cea mai apropiat\u0103 unitate de poli\u021bie sau s\u0103 apeleze gratuit num\u0103rul unic de urgen\u021b\u0103 112.<\/p>\n","protected":false},"excerpt":{"rendered":"<p>La data de<\/p>\n","protected":false},"author":1,"featured_media":0,"comment_status":"open","ping_status":"open","sticky":false,"template":"","format":"standard","meta":{"footnotes":""},"categories":[8],"tags":[],"class_list":["post-80678","post","type-post","status-publish","format-standard","hentry","category-alert-news"],"_links":{"self":[{"href":"https:\/\/www.giurgiuveanul.ro\/stiri\/wp-json\/wp\/v2\/posts\/80678","targetHints":{"allow":["GET"]}}],"collection":[{"href":"https:\/\/www.giurgiuveanul.ro\/stiri\/wp-json\/wp\/v2\/posts"}],"about":[{"href":"https:\/\/www.giurgiuveanul.ro\/stiri\/wp-json\/wp\/v2\/types\/post"}],"author":[{"embeddable":true,"href":"https:\/\/www.giurgiuveanul.ro\/stiri\/wp-json\/wp\/v2\/users\/1"}],"replies":[{"embeddable":true,"href":"https:\/\/www.giurgiuveanul.ro\/stiri\/wp-json\/wp\/v2\/comments?post=80678"}],"version-history":[{"count":0,"href":"https:\/\/www.giurgiuveanul.ro\/stiri\/wp-json\/wp\/v2\/posts\/80678\/revisions"}],"wp:attachment":[{"href":"https:\/\/www.giurgiuveanul.ro\/stiri\/wp-json\/wp\/v2\/media?parent=80678"}],"wp:term":[{"taxonomy":"category","embeddable":true,"href":"https:\/\/www.giurgiuveanul.ro\/stiri\/wp-json\/wp\/v2\/categories?post=80678"},{"taxonomy":"post_tag","embeddable":true,"href":"https:\/\/www.giurgiuveanul.ro\/stiri\/wp-json\/wp\/v2\/tags?post=80678"}],"curies":[{"name":"wp","href":"https:\/\/api.w.org\/{rel}","templated":true}]}}