{"id":80689,"date":"2021-06-14T20:44:17","date_gmt":"2021-06-14T17:44:17","guid":{"rendered":"https:\/\/www.giurgiuveanul.ro\/stiri\/?p=80689"},"modified":"2021-06-14T20:45:05","modified_gmt":"2021-06-14T17:45:05","slug":"aveti-nevoie-de-servicii-de-contabilitate-si-consultanta-in-domeniul-financiar-contabil-si-salarizare-va-recomandam-radical-media","status":"publish","type":"post","link":"https:\/\/www.giurgiuveanul.ro\/stiri\/aveti-nevoie-de-servicii-de-contabilitate-si-consultanta-in-domeniul-financiar-contabil-si-salarizare-va-recomandam-radical-media\/","title":{"rendered":"Ave\u0163i nevoie de servicii de contabilitate \u015fi consultan\u0163\u0103 \u00een domeniul financiar-contabil \u015fi salarizare? V\u0103 recomand\u0103m \u201eRADICAL MEDIA\u201d!"},"content":{"rendered":"<p style=\"text-align: justify;\"><strong><a href=\"https:\/\/www.giurgiuveanul.ro\/stiri\/wp-content\/uploads\/2021\/06\/IMG_6086.jpg\"><img loading=\"lazy\" decoding=\"async\" class=\"aligncenter wp-image-80690\" src=\"https:\/\/www.giurgiuveanul.ro\/stiri\/wp-content\/uploads\/2021\/06\/IMG_6086-383x450.jpg\" alt=\"\" width=\"582\" height=\"684\" srcset=\"https:\/\/www.giurgiuveanul.ro\/stiri\/wp-content\/uploads\/2021\/06\/IMG_6086-383x450.jpg 383w, https:\/\/www.giurgiuveanul.ro\/stiri\/wp-content\/uploads\/2021\/06\/IMG_6086-250x294.jpg 250w, https:\/\/www.giurgiuveanul.ro\/stiri\/wp-content\/uploads\/2021\/06\/IMG_6086-400x470.jpg 400w, https:\/\/www.giurgiuveanul.ro\/stiri\/wp-content\/uploads\/2021\/06\/IMG_6086.jpg 766w\" sizes=\"auto, (max-width: 582px) 100vw, 582px\" \/><\/a>RADICAL MEDIA<!--more--> are ca obiect de activitate contabilitate \u015fi consultan\u0163\u0103 \u00een domeniul financiar-contabil \u015fi salarizare.<\/strong><\/p>\n<p style=\"text-align: justify;\">Este membra a Corpului Exper\u0163ilor Contabili \u015fi Contabililor Autoriza\u0163i din Rom\u00e2nia (CECCAR) \u2013 Filiala Giurgiu.<\/p>\n<p style=\"text-align: justify;\">Scopul societ\u0103\u0163ii RADICAL MEDIA este acela de a v\u0103 asigura servicii de consultan\u0163\u0103 financiar &#8211; contabil\u0103 la standarde de \u00eenalt\u0103 calitate, av\u00e2nd \u00een vedere abilit\u0103\u0163ile firmei \u00een a identifica nevoile reale ale clien\u0163ilor men\u0163inute printr-o preg\u0103tire profesional\u0103 continu\u0103.<\/p>\n<p style=\"text-align: justify;\">Activitatea firmei este definit\u0103 de calitate, abordare flexibil\u0103 \u015fi profesionist\u0103, oferind clien\u0163iilor servicii \u00een conformitate cu cele mai \u00eenalte standarde profesionale.<\/p>\n<p><a href=\"https:\/\/www.giurgiuveanul.ro\/stiri\/wp-content\/uploads\/2021\/06\/IMG_6080.jpg\"><img loading=\"lazy\" decoding=\"async\" class=\"aligncenter  wp-image-80691\" src=\"https:\/\/www.giurgiuveanul.ro\/stiri\/wp-content\/uploads\/2021\/06\/IMG_6080-531x450.jpg\" alt=\"\" width=\"562\" height=\"476\" srcset=\"https:\/\/www.giurgiuveanul.ro\/stiri\/wp-content\/uploads\/2021\/06\/IMG_6080-531x450.jpg 531w, https:\/\/www.giurgiuveanul.ro\/stiri\/wp-content\/uploads\/2021\/06\/IMG_6080-250x212.jpg 250w, https:\/\/www.giurgiuveanul.ro\/stiri\/wp-content\/uploads\/2021\/06\/IMG_6080-768x650.jpg 768w, https:\/\/www.giurgiuveanul.ro\/stiri\/wp-content\/uploads\/2021\/06\/IMG_6080-400x339.jpg 400w, https:\/\/www.giurgiuveanul.ro\/stiri\/wp-content\/uploads\/2021\/06\/IMG_6080.jpg 900w\" sizes=\"auto, (max-width: 562px) 100vw, 562px\" \/><\/a><\/p>\n<p style=\"text-align: justify;\">Echipa RADICAL MEDIA este format\u0103 din contabili cu experien\u0163\u0103, disponibili s\u0103 asiste clien\u0163ii \u015fi s\u0103 ofere o gama diversificat\u0103 de servicii.<\/p>\n<p style=\"text-align: justify;\">\u00cen fruntea societ\u0103\u0163ii RADICAL MEDIA se afl\u0103 <strong>Dana Ilie,<\/strong> <em>fost director al Administra\u0163iei Jude\u0163ene a Finan\u0163elor Publice Giurgiu,<\/em> anterior av\u00e2nd o activitate impresionant\u0103 \u00een cadrul Ministerului de Finan\u0163e, unde a ocupat func\u0163ii de conducere, printre care \u015fi cea de <em>\u015fef al Serviciului TVA din Ministerul de Finan\u0163e.<\/em><\/p>\n<p style=\"text-align: justify;\">Apel\u00e2nd la echipa RADICAL MEDIA ave\u0163i garan\u0163ia unor servicii fiabile \u015fi de \u00eenalt\u0103 calitate.<\/p>\n<p style=\"text-align: justify;\"><strong>Ce v\u0103 ofer\u0103 RADICAL MEDIA?<\/strong><\/p>\n<p style=\"text-align: justify;\">Servicii de contabilitate, consultan\u0163\u0103 financiar &#8211; contabil\u0103, salarizare. depunere declara\u0163ii fiscale.<\/p>\n<p style=\"text-align: justify;\">Serviciile de consultan\u0163\u0103 financiar &#8211; contabil\u0103 oferite de RADICAL MEDIA sunt servicii sus\u0163inute de exper\u0163i \u00een domeniul financiar &#8211; contabil, ale c\u0103ror analize sunt \u00eentocmite cu un profesionalism deosebit.<\/p>\n<p style=\"text-align: justify;\">\u00cen ceea ce prive\u015fte serviciile de\u00a0 contabilitate, RADICAL MEDIA v\u0103 pune la dispozi\u0163ie:<\/p>\n<ul style=\"text-align: justify;\">\n<li>eviden\u0163a contabil\u0103 pentru societ\u0103\u0163ile rom\u00e2ne (societ\u0103\u0163i care aplic\u0103 Reglement\u0103rile contabile simplificate, armonizate cu directivele europene, micro\u00eentreprinderi);<\/li>\n<li>asisten\u0163\u0103 contabil\u0103 lunar\u0103 sau trimestrial\u0103;<\/li>\n<li>revizuire contabil\u0103 anual\u0103 \u015fi \u00eentocmire a declara\u0163iilor fiscale lunare, trimestriale, anuale, registrelor de eviden\u0163\u0103 fiscal\u0103 \u00een conformitate cu reglementarile legale na\u0163ionale \u00een vigoare;<\/li>\n<li>\u00eentocmirea situa\u0163iilor financiare semestriale \u015fi anuale pentru societ\u0103\u0163i care aplic\u0103 Reglement\u0103rile contabile simplificate, armonizate cu directivele europene, micro\u00eentreprinderi;<\/li>\n<li>asisten\u0163\u0103 pe parcursul controalelor fiscale, inclusiv la cele pentru rambursare TVA.<\/li>\n<\/ul>\n<p style=\"text-align: justify;\"><em>\u201eNoi nu ne putem permite dec\u00e2t s\u0103 v\u0103 d\u0103m cele mai bune sfaturi, pentru c\u0103 de succesul firmei dumneavoastr\u0103 depinde \u015fi succesul Radical Media\u201d,<\/em> ne-a declarat <strong>Dana Ilie<\/strong>. <em>\u201eDe aceea v\u0103 oferim un parteneriat bazat pe \u00eencredere, pe siguran\u0163a faptului c\u0103 toate actele contabile ale firmei dumneavoastr\u0103 vor fi analizate, catalogate \u015fi \u00eentocmite conform legisla\u0163iei \u00een vigoare. Avem experien\u0163\u0103 \u00eendelungat\u0103 \u00een domeniul financiar \u2013 contabil \u015fi v\u0103 putem oferi consultan\u0163\u0103 pentru minimizarea cheltuielilor firmei dumneavoastr\u0103\u201d<\/em>.<\/p>\n<p><a href=\"https:\/\/www.giurgiuveanul.ro\/stiri\/wp-content\/uploads\/2021\/06\/IMG_6100.jpg\"><img loading=\"lazy\" decoding=\"async\" class=\"aligncenter wp-image-80692\" src=\"https:\/\/www.giurgiuveanul.ro\/stiri\/wp-content\/uploads\/2021\/06\/IMG_6100-384x450.jpg\" alt=\"\" width=\"558\" height=\"653\" srcset=\"https:\/\/www.giurgiuveanul.ro\/stiri\/wp-content\/uploads\/2021\/06\/IMG_6100-384x450.jpg 384w, https:\/\/www.giurgiuveanul.ro\/stiri\/wp-content\/uploads\/2021\/06\/IMG_6100-250x293.jpg 250w, https:\/\/www.giurgiuveanul.ro\/stiri\/wp-content\/uploads\/2021\/06\/IMG_6100-400x469.jpg 400w, https:\/\/www.giurgiuveanul.ro\/stiri\/wp-content\/uploads\/2021\/06\/IMG_6100.jpg 768w\" sizes=\"auto, (max-width: 558px) 100vw, 558px\" \/><\/a><\/p>\n<p style=\"text-align: justify;\">Sediul firmei RADICAL MEDIA se afl\u0103 pe bulevardul Daciei, la parterul blocului 46\/3D, ap.17, detalii pute\u0163i ob\u0163ine la telefon <strong>0246.210.145<\/strong> dar \u015fi pe site-ul <a href=\"http:\/\/www.radicalmedia.ro\/\">http:\/\/www.radicalmedia.ro\/<\/a> sau prin e-mail <strong><a href=\"mailto:office@radicalmedia.ro\">office@radicalmedia.ro<\/a>. \u00a0\u00a0<\/strong><\/p>\n","protected":false},"excerpt":{"rendered":"<p>RADICAL MEDIA<\/p>\n","protected":false},"author":1,"featured_media":0,"comment_status":"open","ping_status":"open","sticky":false,"template":"","format":"standard","meta":{"footnotes":""},"categories":[8],"tags":[],"class_list":["post-80689","post","type-post","status-publish","format-standard","hentry","category-alert-news"],"_links":{"self":[{"href":"https:\/\/www.giurgiuveanul.ro\/stiri\/wp-json\/wp\/v2\/posts\/80689","targetHints":{"allow":["GET"]}}],"collection":[{"href":"https:\/\/www.giurgiuveanul.ro\/stiri\/wp-json\/wp\/v2\/posts"}],"about":[{"href":"https:\/\/www.giurgiuveanul.ro\/stiri\/wp-json\/wp\/v2\/types\/post"}],"author":[{"embeddable":true,"href":"https:\/\/www.giurgiuveanul.ro\/stiri\/wp-json\/wp\/v2\/users\/1"}],"replies":[{"embeddable":true,"href":"https:\/\/www.giurgiuveanul.ro\/stiri\/wp-json\/wp\/v2\/comments?post=80689"}],"version-history":[{"count":0,"href":"https:\/\/www.giurgiuveanul.ro\/stiri\/wp-json\/wp\/v2\/posts\/80689\/revisions"}],"wp:attachment":[{"href":"https:\/\/www.giurgiuveanul.ro\/stiri\/wp-json\/wp\/v2\/media?parent=80689"}],"wp:term":[{"taxonomy":"category","embeddable":true,"href":"https:\/\/www.giurgiuveanul.ro\/stiri\/wp-json\/wp\/v2\/categories?post=80689"},{"taxonomy":"post_tag","embeddable":true,"href":"https:\/\/www.giurgiuveanul.ro\/stiri\/wp-json\/wp\/v2\/tags?post=80689"}],"curies":[{"name":"wp","href":"https:\/\/api.w.org\/{rel}","templated":true}]}}