{"id":80776,"date":"2021-06-18T18:04:52","date_gmt":"2021-06-18T15:04:52","guid":{"rendered":"https:\/\/www.giurgiuveanul.ro\/stiri\/?p=80776"},"modified":"2021-06-18T18:05:05","modified_gmt":"2021-06-18T15:05:05","slug":"isu-cod-galben-de-vreme-instabila-in-judetul-giurgiu","status":"publish","type":"post","link":"https:\/\/www.giurgiuveanul.ro\/stiri\/isu-cod-galben-de-vreme-instabila-in-judetul-giurgiu\/","title":{"rendered":"ISU. COD GALBEN de vreme instabil\u0103 \u00een jude\u021bul Giurgiu"},"content":{"rendered":"<p style=\"text-align: justify;\"><a href=\"https:\/\/www.giurgiuveanul.ro\/stiri\/wp-content\/uploads\/2021\/06\/cod-galben-18-iunie.jpg\"><img loading=\"lazy\" decoding=\"async\" class=\"aligncenter wp-image-80777\" src=\"https:\/\/www.giurgiuveanul.ro\/stiri\/wp-content\/uploads\/2021\/06\/cod-galben-18-iunie-458x450.jpg\" alt=\"\" width=\"577\" height=\"567\" srcset=\"https:\/\/www.giurgiuveanul.ro\/stiri\/wp-content\/uploads\/2021\/06\/cod-galben-18-iunie-458x450.jpg 458w, https:\/\/www.giurgiuveanul.ro\/stiri\/wp-content\/uploads\/2021\/06\/cod-galben-18-iunie-250x245.jpg 250w, https:\/\/www.giurgiuveanul.ro\/stiri\/wp-content\/uploads\/2021\/06\/cod-galben-18-iunie-400x393.jpg 400w, https:\/\/www.giurgiuveanul.ro\/stiri\/wp-content\/uploads\/2021\/06\/cod-galben-18-iunie.jpg 720w\" sizes=\"auto, (max-width: 577px) 100vw, 577px\" \/><\/a>Jude\u021bul Giurgiu<!--more--> se afl\u0103 sub aten\u021bionare meteorologic\u0103 tip <strong>cod galben<\/strong> de <strong>instabilitate atmosferic\u0103, <\/strong>p\u00e2n\u0103 m\u00e2ine la ora 23:00.<\/p>\n<p style=\"text-align: justify;\">Conform meteorologilor, se vor \u00eenregistra averse ce vor avea \u0219i caracter toren\u021bial, pe alocuri \u00eenso\u021bite de desc\u0103rc\u0103ri electrice \u0219i de intensific\u0103ri de scurt\u0103 durat\u0103 ale v\u00e2ntului. \u00cen intervale scurte de timp sau prin acumulare, cantit\u0103\u021bile de ap\u0103 vor dep\u0103\u0219i 20-30 l\/mp \u0219i, pe arii restr\u00e2nse, 40 &#8211; 50 l\/mp.<\/p>\n<p style=\"text-align: justify;\">Deoarece \u00een perioada manifest\u0103rii fenomenelor meteorologice exist\u0103 riscul producerii unor inunda\u021bii locale, cet\u0103\u021benii trebuie s\u0103 respecte urm\u0103toarele recomand\u0103ri:<\/p>\n<ul style=\"text-align: justify;\">\n<li>cur\u0103\u021ba\u021bi \u0219an\u021burile \u0219i rigolele de scurgere, pentru a permite evacuarea apelor pluviale;<\/li>\n<li>nu arunca\u021bi gunoaiele menajere sau resturile vegetale \u00een albiile apelor curg\u0103toare sau \u00een \u0219an\u021burile \/ canalele de colectare a apei;<\/li>\n<li>fi\u021bi pruden\u021bi atunci c\u00e2nd v\u0103 afla\u021bi pe strad\u0103 \u0219i evita\u021bi deplasarea \u00een zone cu panouri publicitare, copaci sau st\u00e2lpi de electricitate care ar putea fi dobor\u00e2\u021bi;<\/li>\n<li>nu trece\u021bi prin dreptul cl\u0103dirilor aflate \u00een construc\u021bie sau care prezint\u0103 elemente arhitectonice ce pot fi smulse de v\u00e2nt \u0219i nu v\u0103 ad\u0103posti\u021bi aproape de construc\u021bii improvizate;<\/li>\n<li>parca\u021bi autoturismele la distan\u021b\u0103 sigur\u0103 fa\u021b\u0103 de copaci sau st\u00e2lpi de electricitate;<\/li>\n<li>\u00eendep\u0103rta\u021bi copacii sau ramurile uscate, care pe timpul unei furtuni, ar putea c\u0103dea \u015fi provoca victime sau pagube materiale;<\/li>\n<li>nu atinge\u021bi firele c\u0103zute la p\u0103m\u00e2nt;<\/li>\n<li>\u00een timpul furtunii \u00eentrerupe\u021bi activit\u0103\u021bile \u00een aer liber \u0219i ad\u0103posti\u021bi-v\u0103 \u00een locuin\u021be sau \u00een spa\u021bii care s\u0103 v\u0103 asigure protec\u021bia, \u00eenchide\u021bi u\u0219ile \u0219i ferestrele;<\/li>\n<li>urm\u0103ri\u021bi evolu\u021bia fenomenelor meteo din zona \u00een care v\u0103 afla\u021bi \u0219i avertiz\u0103rile autorit\u0103\u021bilor.<\/li>\n<\/ul>\n<p style=\"text-align: justify;\"><em>\u00a0\u00a0\u00a0\u00a0\u00a0\u00a0\u00a0\u00a0 <\/em>\u00a0Informa\u021bii despre modul de comportare \u00een cazul producerii unor situa\u021bii de urgen\u021b\u0103 pot fi ob\u021binute prin intermediul aplica\u021biei DSU, care poate fi desc\u0103rcat\u0103 gratuit din Google Play Store \u0219i AppStore.<\/p>\n","protected":false},"excerpt":{"rendered":"<p>Jude\u021bul Giurgiu<\/p>\n","protected":false},"author":1,"featured_media":0,"comment_status":"open","ping_status":"open","sticky":false,"template":"","format":"standard","meta":{"footnotes":""},"categories":[8],"tags":[],"class_list":["post-80776","post","type-post","status-publish","format-standard","hentry","category-alert-news"],"_links":{"self":[{"href":"https:\/\/www.giurgiuveanul.ro\/stiri\/wp-json\/wp\/v2\/posts\/80776","targetHints":{"allow":["GET"]}}],"collection":[{"href":"https:\/\/www.giurgiuveanul.ro\/stiri\/wp-json\/wp\/v2\/posts"}],"about":[{"href":"https:\/\/www.giurgiuveanul.ro\/stiri\/wp-json\/wp\/v2\/types\/post"}],"author":[{"embeddable":true,"href":"https:\/\/www.giurgiuveanul.ro\/stiri\/wp-json\/wp\/v2\/users\/1"}],"replies":[{"embeddable":true,"href":"https:\/\/www.giurgiuveanul.ro\/stiri\/wp-json\/wp\/v2\/comments?post=80776"}],"version-history":[{"count":0,"href":"https:\/\/www.giurgiuveanul.ro\/stiri\/wp-json\/wp\/v2\/posts\/80776\/revisions"}],"wp:attachment":[{"href":"https:\/\/www.giurgiuveanul.ro\/stiri\/wp-json\/wp\/v2\/media?parent=80776"}],"wp:term":[{"taxonomy":"category","embeddable":true,"href":"https:\/\/www.giurgiuveanul.ro\/stiri\/wp-json\/wp\/v2\/categories?post=80776"},{"taxonomy":"post_tag","embeddable":true,"href":"https:\/\/www.giurgiuveanul.ro\/stiri\/wp-json\/wp\/v2\/tags?post=80776"}],"curies":[{"name":"wp","href":"https:\/\/api.w.org\/{rel}","templated":true}]}}