{"id":81004,"date":"2021-06-11T10:28:21","date_gmt":"2021-06-11T07:28:21","guid":{"rendered":"https:\/\/www.giurgiuveanul.ro\/stiri\/?p=81004"},"modified":"2021-06-28T10:32:35","modified_gmt":"2021-06-28T07:32:35","slug":"consiliul-judetean-giurgiu-omagiu-eroilor-neamului","status":"publish","type":"post","link":"https:\/\/www.giurgiuveanul.ro\/stiri\/consiliul-judetean-giurgiu-omagiu-eroilor-neamului\/","title":{"rendered":"Consiliul Jude\u0163ean Giurgiu, omagiu EROILOR NEAMULUI"},"content":{"rendered":"<p style=\"text-align: justify;\"><a href=\"https:\/\/www.giurgiuveanul.ro\/stiri\/wp-content\/uploads\/2021\/06\/199348376_189563806416964_6511856491717765106_n.jpg\"><img loading=\"lazy\" decoding=\"async\" class=\"aligncenter wp-image-81006\" src=\"https:\/\/www.giurgiuveanul.ro\/stiri\/wp-content\/uploads\/2021\/06\/199348376_189563806416964_6511856491717765106_n-382x450.jpg\" alt=\"\" width=\"574\" height=\"676\" srcset=\"https:\/\/www.giurgiuveanul.ro\/stiri\/wp-content\/uploads\/2021\/06\/199348376_189563806416964_6511856491717765106_n-382x450.jpg 382w, https:\/\/www.giurgiuveanul.ro\/stiri\/wp-content\/uploads\/2021\/06\/199348376_189563806416964_6511856491717765106_n-250x295.jpg 250w, https:\/\/www.giurgiuveanul.ro\/stiri\/wp-content\/uploads\/2021\/06\/199348376_189563806416964_6511856491717765106_n-768x906.jpg 768w, https:\/\/www.giurgiuveanul.ro\/stiri\/wp-content\/uploads\/2021\/06\/199348376_189563806416964_6511856491717765106_n-400x472.jpg 400w, https:\/\/www.giurgiuveanul.ro\/stiri\/wp-content\/uploads\/2021\/06\/199348376_189563806416964_6511856491717765106_n.jpg 814w\" sizes=\"auto, (max-width: 574px) 100vw, 574px\" \/><\/a>Vicepre\u0219edintele Consiliului Jude\u021bean Giurgiu, Cristian Anculescu,<!--more--> a participat ieri, 10 iunie 2021, al\u0103turi de reprezentan\u021bii institu\u021biei, la ceremonialul de depunere coroane, g\u0103zduit de Biserica \u201d \u00cen\u0103l\u021barea Domnului\u201d, la Mausoleul Eroilor.<\/p>\n<p style=\"text-align: justify;\">La eveniment au fost prezen\u021bi reprezentan\u021bi ai autorit\u0103\u021bilor publice locale \u0219i jude\u021bene, ai institu\u021biilor MAI \u0219i MApN.<\/p>\n<p><a href=\"https:\/\/www.giurgiuveanul.ro\/stiri\/wp-content\/uploads\/2021\/06\/199328210_189563833083628_7620560291254400291_n.jpg\"><img loading=\"lazy\" decoding=\"async\" class=\"aligncenter wp-image-81005\" src=\"https:\/\/www.giurgiuveanul.ro\/stiri\/wp-content\/uploads\/2021\/06\/199328210_189563833083628_7620560291254400291_n-460x450.jpg\" alt=\"\" width=\"581\" height=\"568\" srcset=\"https:\/\/www.giurgiuveanul.ro\/stiri\/wp-content\/uploads\/2021\/06\/199328210_189563833083628_7620560291254400291_n-460x450.jpg 460w, https:\/\/www.giurgiuveanul.ro\/stiri\/wp-content\/uploads\/2021\/06\/199328210_189563833083628_7620560291254400291_n-250x245.jpg 250w, https:\/\/www.giurgiuveanul.ro\/stiri\/wp-content\/uploads\/2021\/06\/199328210_189563833083628_7620560291254400291_n-768x752.jpg 768w, https:\/\/www.giurgiuveanul.ro\/stiri\/wp-content\/uploads\/2021\/06\/199328210_189563833083628_7620560291254400291_n-400x392.jpg 400w, https:\/\/www.giurgiuveanul.ro\/stiri\/wp-content\/uploads\/2021\/06\/199328210_189563833083628_7620560291254400291_n.jpg 960w\" sizes=\"auto, (max-width: 581px) 100vw, 581px\" \/><\/a><a href=\"https:\/\/www.giurgiuveanul.ro\/stiri\/wp-content\/uploads\/2021\/06\/198666321_189563569750321_2179183517723926379_n.jpg\"><img loading=\"lazy\" decoding=\"async\" class=\"aligncenter wp-image-81007\" src=\"https:\/\/www.giurgiuveanul.ro\/stiri\/wp-content\/uploads\/2021\/06\/198666321_189563569750321_2179183517723926379_n-509x450.jpg\" alt=\"\" width=\"557\" height=\"492\" srcset=\"https:\/\/www.giurgiuveanul.ro\/stiri\/wp-content\/uploads\/2021\/06\/198666321_189563569750321_2179183517723926379_n-509x450.jpg 509w, https:\/\/www.giurgiuveanul.ro\/stiri\/wp-content\/uploads\/2021\/06\/198666321_189563569750321_2179183517723926379_n-250x221.jpg 250w, https:\/\/www.giurgiuveanul.ro\/stiri\/wp-content\/uploads\/2021\/06\/198666321_189563569750321_2179183517723926379_n-768x678.jpg 768w, https:\/\/www.giurgiuveanul.ro\/stiri\/wp-content\/uploads\/2021\/06\/198666321_189563569750321_2179183517723926379_n-400x353.jpg 400w, https:\/\/www.giurgiuveanul.ro\/stiri\/wp-content\/uploads\/2021\/06\/198666321_189563569750321_2179183517723926379_n.jpg 960w\" sizes=\"auto, (max-width: 557px) 100vw, 557px\" \/><\/a><a href=\"https:\/\/www.giurgiuveanul.ro\/stiri\/wp-content\/uploads\/2021\/06\/199235668_189563706416974_1952464009200556578_n.jpg\"><img loading=\"lazy\" decoding=\"async\" class=\"aligncenter size-large wp-image-81008\" src=\"https:\/\/www.giurgiuveanul.ro\/stiri\/wp-content\/uploads\/2021\/06\/199235668_189563706416974_1952464009200556578_n-560x366.jpg\" alt=\"\" width=\"560\" height=\"366\" srcset=\"https:\/\/www.giurgiuveanul.ro\/stiri\/wp-content\/uploads\/2021\/06\/199235668_189563706416974_1952464009200556578_n-560x366.jpg 560w, https:\/\/www.giurgiuveanul.ro\/stiri\/wp-content\/uploads\/2021\/06\/199235668_189563706416974_1952464009200556578_n-250x164.jpg 250w, https:\/\/www.giurgiuveanul.ro\/stiri\/wp-content\/uploads\/2021\/06\/199235668_189563706416974_1952464009200556578_n-768x502.jpg 768w, https:\/\/www.giurgiuveanul.ro\/stiri\/wp-content\/uploads\/2021\/06\/199235668_189563706416974_1952464009200556578_n-400x262.jpg 400w, https:\/\/www.giurgiuveanul.ro\/stiri\/wp-content\/uploads\/2021\/06\/199235668_189563706416974_1952464009200556578_n.jpg 960w\" sizes=\"auto, (max-width: 560px) 100vw, 560px\" \/><\/a><\/p>\n<p>&nbsp;<\/p>\n<p style=\"text-align: justify;\">Ziua Eroilor, celebrat\u0103 de s\u0103rb\u0103toarea \u00ceN\u0102L\u0162AREA DOMNULUI, a fost marcat\u0103\u00a0 \u00een \u00eentreaga \u0163ar\u0103 prin ceremonii militare \u015fi religioase care s-au desf\u0103\u015furat la monumentele \u00eenchinate eroilor neamului, iar \u00een toate l\u0103ca\u015fele de cult au avut loc slujbe de pomenire.<\/p>\n","protected":false},"excerpt":{"rendered":"<p>Vicepre\u0219edintele Consiliului Jude\u021bean Giurgiu, Cristian Anculescu,<\/p>\n","protected":false},"author":1,"featured_media":0,"comment_status":"open","ping_status":"open","sticky":false,"template":"","format":"standard","meta":{"footnotes":""},"categories":[1],"tags":[],"class_list":["post-81004","post","type-post","status-publish","format-standard","hentry","category-actualitate"],"_links":{"self":[{"href":"https:\/\/www.giurgiuveanul.ro\/stiri\/wp-json\/wp\/v2\/posts\/81004","targetHints":{"allow":["GET"]}}],"collection":[{"href":"https:\/\/www.giurgiuveanul.ro\/stiri\/wp-json\/wp\/v2\/posts"}],"about":[{"href":"https:\/\/www.giurgiuveanul.ro\/stiri\/wp-json\/wp\/v2\/types\/post"}],"author":[{"embeddable":true,"href":"https:\/\/www.giurgiuveanul.ro\/stiri\/wp-json\/wp\/v2\/users\/1"}],"replies":[{"embeddable":true,"href":"https:\/\/www.giurgiuveanul.ro\/stiri\/wp-json\/wp\/v2\/comments?post=81004"}],"version-history":[{"count":0,"href":"https:\/\/www.giurgiuveanul.ro\/stiri\/wp-json\/wp\/v2\/posts\/81004\/revisions"}],"wp:attachment":[{"href":"https:\/\/www.giurgiuveanul.ro\/stiri\/wp-json\/wp\/v2\/media?parent=81004"}],"wp:term":[{"taxonomy":"category","embeddable":true,"href":"https:\/\/www.giurgiuveanul.ro\/stiri\/wp-json\/wp\/v2\/categories?post=81004"},{"taxonomy":"post_tag","embeddable":true,"href":"https:\/\/www.giurgiuveanul.ro\/stiri\/wp-json\/wp\/v2\/tags?post=81004"}],"curies":[{"name":"wp","href":"https:\/\/api.w.org\/{rel}","templated":true}]}}