{"id":81020,"date":"2021-06-28T15:08:09","date_gmt":"2021-06-28T12:08:09","guid":{"rendered":"https:\/\/www.giurgiuveanul.ro\/stiri\/?p=81020"},"modified":"2021-06-28T15:08:26","modified_gmt":"2021-06-28T12:08:26","slug":"astazi-e-ziua-ta-la-multi-ani-domnule-primar-florin-nidelea","status":"publish","type":"post","link":"https:\/\/www.giurgiuveanul.ro\/stiri\/astazi-e-ziua-ta-la-multi-ani-domnule-primar-florin-nidelea\/","title":{"rendered":"Ast\u0103zi e ziua ta: La Mul\u0163i Ani, domnule primar Florin Nidelea!"},"content":{"rendered":"<p><a href=\"https:\/\/www.giurgiuveanul.ro\/stiri\/wp-content\/uploads\/2021\/06\/Florin-Nidelea.jpg\"><img loading=\"lazy\" decoding=\"async\" class=\"aligncenter  wp-image-81021\" src=\"https:\/\/www.giurgiuveanul.ro\/stiri\/wp-content\/uploads\/2021\/06\/Florin-Nidelea-560x437.jpg\" alt=\"\" width=\"575\" height=\"449\" srcset=\"https:\/\/www.giurgiuveanul.ro\/stiri\/wp-content\/uploads\/2021\/06\/Florin-Nidelea-560x437.jpg 560w, https:\/\/www.giurgiuveanul.ro\/stiri\/wp-content\/uploads\/2021\/06\/Florin-Nidelea-250x195.jpg 250w, https:\/\/www.giurgiuveanul.ro\/stiri\/wp-content\/uploads\/2021\/06\/Florin-Nidelea-768x600.jpg 768w, https:\/\/www.giurgiuveanul.ro\/stiri\/wp-content\/uploads\/2021\/06\/Florin-Nidelea-400x312.jpg 400w, https:\/\/www.giurgiuveanul.ro\/stiri\/wp-content\/uploads\/2021\/06\/Florin-Nidelea.jpg 900w\" sizes=\"auto, (max-width: 575px) 100vw, 575px\" \/><\/a>Ast\u0103zi, primarul comunei Clejani, Florin Nidelea,<!--more--> se afl\u0103 la ceas aniversar.<\/p>\n<p>Cu aceast\u0103 ocazie, ne al\u0103tur\u0103m \u015fi noi familiei, colegilor \u015fi locuitorilor comunei Clejani, adres\u00e2ndu-v\u0103 cele mai sincere felicit\u0103ri \u015fi ur\u0103ri de bine, domnule primar!<\/p>\n<p>S\u0103 ave\u0163i parte de mult\u0103 s\u0103n\u0103tate, putere de munc\u0103, \u00eempliniri \u015fi reu\u015fite depline \u00een toate proiectele pe care le ave\u0163i pentru comuna Clejani.<\/p>\n<p><em>La Mul\u0163i Ani ferici\u0163i \u015fi \u00eemplini\u0163i, domnule primar Florin Nidelea! <\/em><\/p>\n","protected":false},"excerpt":{"rendered":"<p>Ast\u0103zi, primarul comunei Clejani, Florin Nidelea,<\/p>\n","protected":false},"author":1,"featured_media":0,"comment_status":"open","ping_status":"open","sticky":false,"template":"","format":"standard","meta":{"footnotes":""},"categories":[16],"tags":[],"class_list":["post-81020","post","type-post","status-publish","format-standard","hentry","category-astazi-e-ziua-ta"],"_links":{"self":[{"href":"https:\/\/www.giurgiuveanul.ro\/stiri\/wp-json\/wp\/v2\/posts\/81020","targetHints":{"allow":["GET"]}}],"collection":[{"href":"https:\/\/www.giurgiuveanul.ro\/stiri\/wp-json\/wp\/v2\/posts"}],"about":[{"href":"https:\/\/www.giurgiuveanul.ro\/stiri\/wp-json\/wp\/v2\/types\/post"}],"author":[{"embeddable":true,"href":"https:\/\/www.giurgiuveanul.ro\/stiri\/wp-json\/wp\/v2\/users\/1"}],"replies":[{"embeddable":true,"href":"https:\/\/www.giurgiuveanul.ro\/stiri\/wp-json\/wp\/v2\/comments?post=81020"}],"version-history":[{"count":0,"href":"https:\/\/www.giurgiuveanul.ro\/stiri\/wp-json\/wp\/v2\/posts\/81020\/revisions"}],"wp:attachment":[{"href":"https:\/\/www.giurgiuveanul.ro\/stiri\/wp-json\/wp\/v2\/media?parent=81020"}],"wp:term":[{"taxonomy":"category","embeddable":true,"href":"https:\/\/www.giurgiuveanul.ro\/stiri\/wp-json\/wp\/v2\/categories?post=81020"},{"taxonomy":"post_tag","embeddable":true,"href":"https:\/\/www.giurgiuveanul.ro\/stiri\/wp-json\/wp\/v2\/tags?post=81020"}],"curies":[{"name":"wp","href":"https:\/\/api.w.org\/{rel}","templated":true}]}}