{"id":81217,"date":"2021-07-05T19:18:20","date_gmt":"2021-07-05T16:18:20","guid":{"rendered":"https:\/\/www.giurgiuveanul.ro\/stiri\/?p=81217"},"modified":"2021-07-05T21:10:46","modified_gmt":"2021-07-05T18:10:46","slug":"a-disparut-aceasta-catelusa-se-ofera-recompensa-substantiala","status":"publish","type":"post","link":"https:\/\/www.giurgiuveanul.ro\/stiri\/a-disparut-aceasta-catelusa-se-ofera-recompensa-substantiala\/","title":{"rendered":"A disp\u0103rut aceast\u0103 c\u0103\u0163elu\u015f\u0103! Se ofer\u0103 recompens\u0103 substan\u0163ial\u0103!"},"content":{"rendered":"<p><a href=\"https:\/\/www.giurgiuveanul.ro\/stiri\/wp-content\/uploads\/2021\/07\/209783772_649172596477759_1490742531695243001_n.jpg\"><img loading=\"lazy\" decoding=\"async\" class=\"aligncenter wp-image-81218\" src=\"https:\/\/www.giurgiuveanul.ro\/stiri\/wp-content\/uploads\/2021\/07\/209783772_649172596477759_1490742531695243001_n-439x450.jpg\" alt=\"\" width=\"578\" height=\"593\" srcset=\"https:\/\/www.giurgiuveanul.ro\/stiri\/wp-content\/uploads\/2021\/07\/209783772_649172596477759_1490742531695243001_n-439x450.jpg 439w, https:\/\/www.giurgiuveanul.ro\/stiri\/wp-content\/uploads\/2021\/07\/209783772_649172596477759_1490742531695243001_n-250x256.jpg 250w, https:\/\/www.giurgiuveanul.ro\/stiri\/wp-content\/uploads\/2021\/07\/209783772_649172596477759_1490742531695243001_n-768x787.jpg 768w, https:\/\/www.giurgiuveanul.ro\/stiri\/wp-content\/uploads\/2021\/07\/209783772_649172596477759_1490742531695243001_n-400x410.jpg 400w, https:\/\/www.giurgiuveanul.ro\/stiri\/wp-content\/uploads\/2021\/07\/209783772_649172596477759_1490742531695243001_n.jpg 876w\" sizes=\"auto, (max-width: 578px) 100vw, 578px\" \/><\/a>C\u0103\u0163elu\u015fa din imagine a disp\u0103rut \u00een<!--more--> zona Autogar\u0103. R\u0103spunde la numele Bella.<\/p>\n<p>Se ofer\u0103 recompens\u0103 substan\u0163ial\u0103.<\/p>\n<p>Rela\u0163ii la telefon <strong>0771.391.952.<\/strong><\/p>\n<p><strong>UPDATE. V\u0103 mul\u0163umim pentru sprijinul acordat prin distribuiri pe Facebook! Bella a fost g\u0103sit\u0103 de o familie \u015fi \u00eenapoiat\u0103 st\u0103p\u00e2nilor ei, care la r\u00e2ndul lor mul\u0163umesc din suflet pentru acest gest deosebit!<\/strong><\/p>\n","protected":false},"excerpt":{"rendered":"<p>C\u0103\u0163elu\u015fa din imagine a disp\u0103rut \u00een<\/p>\n","protected":false},"author":1,"featured_media":0,"comment_status":"open","ping_status":"open","sticky":false,"template":"","format":"standard","meta":{"footnotes":""},"categories":[8],"tags":[],"class_list":["post-81217","post","type-post","status-publish","format-standard","hentry","category-alert-news"],"_links":{"self":[{"href":"https:\/\/www.giurgiuveanul.ro\/stiri\/wp-json\/wp\/v2\/posts\/81217","targetHints":{"allow":["GET"]}}],"collection":[{"href":"https:\/\/www.giurgiuveanul.ro\/stiri\/wp-json\/wp\/v2\/posts"}],"about":[{"href":"https:\/\/www.giurgiuveanul.ro\/stiri\/wp-json\/wp\/v2\/types\/post"}],"author":[{"embeddable":true,"href":"https:\/\/www.giurgiuveanul.ro\/stiri\/wp-json\/wp\/v2\/users\/1"}],"replies":[{"embeddable":true,"href":"https:\/\/www.giurgiuveanul.ro\/stiri\/wp-json\/wp\/v2\/comments?post=81217"}],"version-history":[{"count":0,"href":"https:\/\/www.giurgiuveanul.ro\/stiri\/wp-json\/wp\/v2\/posts\/81217\/revisions"}],"wp:attachment":[{"href":"https:\/\/www.giurgiuveanul.ro\/stiri\/wp-json\/wp\/v2\/media?parent=81217"}],"wp:term":[{"taxonomy":"category","embeddable":true,"href":"https:\/\/www.giurgiuveanul.ro\/stiri\/wp-json\/wp\/v2\/categories?post=81217"},{"taxonomy":"post_tag","embeddable":true,"href":"https:\/\/www.giurgiuveanul.ro\/stiri\/wp-json\/wp\/v2\/tags?post=81217"}],"curies":[{"name":"wp","href":"https:\/\/api.w.org\/{rel}","templated":true}]}}