{"id":81548,"date":"2021-07-18T21:24:22","date_gmt":"2021-07-18T18:24:22","guid":{"rendered":"https:\/\/www.giurgiuveanul.ro\/stiri\/?p=81548"},"modified":"2021-07-18T21:24:22","modified_gmt":"2021-07-18T18:24:22","slug":"a-fost-aleasa-noua-conducere-a-filialei-judetene-a-pnl-giurgiu","status":"publish","type":"post","link":"https:\/\/www.giurgiuveanul.ro\/stiri\/a-fost-aleasa-noua-conducere-a-filialei-judetene-a-pnl-giurgiu\/","title":{"rendered":"A fost aleas\u0103 noua conducere a filialei jude\u0163ene a PNL Giurgiu"},"content":{"rendered":"<p style=\"text-align: justify;\"><a href=\"https:\/\/www.giurgiuveanul.ro\/stiri\/wp-content\/uploads\/2021\/07\/1-7.jpg\"><img loading=\"lazy\" decoding=\"async\" class=\"aligncenter  wp-image-81549\" src=\"https:\/\/www.giurgiuveanul.ro\/stiri\/wp-content\/uploads\/2021\/07\/1-7-560x286.jpg\" alt=\"\" width=\"574\" height=\"293\" srcset=\"https:\/\/www.giurgiuveanul.ro\/stiri\/wp-content\/uploads\/2021\/07\/1-7-560x286.jpg 560w, https:\/\/www.giurgiuveanul.ro\/stiri\/wp-content\/uploads\/2021\/07\/1-7-250x128.jpg 250w, https:\/\/www.giurgiuveanul.ro\/stiri\/wp-content\/uploads\/2021\/07\/1-7-768x393.jpg 768w, https:\/\/www.giurgiuveanul.ro\/stiri\/wp-content\/uploads\/2021\/07\/1-7-400x205.jpg 400w, https:\/\/www.giurgiuveanul.ro\/stiri\/wp-content\/uploads\/2021\/07\/1-7.jpg 800w\" sizes=\"auto, (max-width: 574px) 100vw, 574px\" \/><\/a><strong>Cei<!--more--> 470 de delega\u021bi prezen\u021bi de la Conferin\u021ba Jude\u021bean\u0103 au decis, democratic, noua conducere a filialei PNL Giurgiu.<\/strong><\/p>\n<p><a href=\"https:\/\/www.giurgiuveanul.ro\/stiri\/wp-content\/uploads\/2021\/07\/2-6.jpg\"><img loading=\"lazy\" decoding=\"async\" class=\"aligncenter  wp-image-81550\" src=\"https:\/\/www.giurgiuveanul.ro\/stiri\/wp-content\/uploads\/2021\/07\/2-6-404x450.jpg\" alt=\"\" width=\"570\" height=\"635\" srcset=\"https:\/\/www.giurgiuveanul.ro\/stiri\/wp-content\/uploads\/2021\/07\/2-6-404x450.jpg 404w, https:\/\/www.giurgiuveanul.ro\/stiri\/wp-content\/uploads\/2021\/07\/2-6-250x279.jpg 250w, https:\/\/www.giurgiuveanul.ro\/stiri\/wp-content\/uploads\/2021\/07\/2-6-400x446.jpg 400w, https:\/\/www.giurgiuveanul.ro\/stiri\/wp-content\/uploads\/2021\/07\/2-6.jpg 718w\" sizes=\"auto, (max-width: 570px) 100vw, 570px\" \/><\/a><\/p>\n<p style=\"text-align: justify;\">\u00cen func\u021bia de pre\u0219edinte al PNL Giurgiu a fost ales Dan Motreanu, cu 467 din cele 470 de voturi ale delega\u021bilor, trei voturi fiind nule.<\/p>\n<p><a href=\"https:\/\/www.giurgiuveanul.ro\/stiri\/wp-content\/uploads\/2021\/07\/5-6.jpg\"><img loading=\"lazy\" decoding=\"async\" class=\"aligncenter size-large wp-image-81551\" src=\"https:\/\/www.giurgiuveanul.ro\/stiri\/wp-content\/uploads\/2021\/07\/5-6-560x437.jpg\" alt=\"\" width=\"560\" height=\"437\" srcset=\"https:\/\/www.giurgiuveanul.ro\/stiri\/wp-content\/uploads\/2021\/07\/5-6-560x437.jpg 560w, https:\/\/www.giurgiuveanul.ro\/stiri\/wp-content\/uploads\/2021\/07\/5-6-250x195.jpg 250w, https:\/\/www.giurgiuveanul.ro\/stiri\/wp-content\/uploads\/2021\/07\/5-6-768x599.jpg 768w, https:\/\/www.giurgiuveanul.ro\/stiri\/wp-content\/uploads\/2021\/07\/5-6-400x312.jpg 400w, https:\/\/www.giurgiuveanul.ro\/stiri\/wp-content\/uploads\/2021\/07\/5-6.jpg 800w\" sizes=\"auto, (max-width: 560px) 100vw, 560px\" \/><\/a><\/p>\n<p style=\"text-align: justify;\">Cele dou\u0103 func\u021bii de prim-vicepre\u0219edinte al filialei jude\u021bene au revenit parlamentarilor Ioan Alexandru Andrei \u0219i Toma Petcu.<\/p>\n<p style=\"text-align: justify;\">Din Biroul Permanent Jude\u021bean fac parte 13 vicepre\u0219edin\u021bi (opt ale\u0219i, doi, prin fuziune \u0219i trei de drept &#8211; deputatul Gabriela Horga, pre\u0219edintele CJ, Dumitru Beianu \u0219i primarul Adrian Anghelescu; fiecare din vicepre\u0219edin\u021bii ale\u0219i coordoneaz\u0103 c\u00e2te un domeniu de activitate), 17 membrii (ca \u0219i \u00een cazul vicepre\u0219edin\u021bilor, doi , prin fuziune), precum \u0219i pre\u0219edin\u021bii comisiilor de Arbitraj, respectiv, Revizie \u0219i Cenzori \u0219i trezorierul.<\/p>\n<p><a href=\"https:\/\/www.giurgiuveanul.ro\/stiri\/wp-content\/uploads\/2021\/07\/3-6.jpg\"><img loading=\"lazy\" decoding=\"async\" class=\"aligncenter size-large wp-image-81552\" src=\"https:\/\/www.giurgiuveanul.ro\/stiri\/wp-content\/uploads\/2021\/07\/3-6-560x302.jpg\" alt=\"\" width=\"560\" height=\"302\" srcset=\"https:\/\/www.giurgiuveanul.ro\/stiri\/wp-content\/uploads\/2021\/07\/3-6-560x302.jpg 560w, https:\/\/www.giurgiuveanul.ro\/stiri\/wp-content\/uploads\/2021\/07\/3-6-250x135.jpg 250w, https:\/\/www.giurgiuveanul.ro\/stiri\/wp-content\/uploads\/2021\/07\/3-6-768x415.jpg 768w, https:\/\/www.giurgiuveanul.ro\/stiri\/wp-content\/uploads\/2021\/07\/3-6-400x216.jpg 400w, https:\/\/www.giurgiuveanul.ro\/stiri\/wp-content\/uploads\/2021\/07\/3-6.jpg 800w\" sizes=\"auto, (max-width: 560px) 100vw, 560px\" \/><\/a> <a href=\"https:\/\/www.giurgiuveanul.ro\/stiri\/wp-content\/uploads\/2021\/07\/4-6.jpg\"><img loading=\"lazy\" decoding=\"async\" class=\"aligncenter size-large wp-image-81553\" src=\"https:\/\/www.giurgiuveanul.ro\/stiri\/wp-content\/uploads\/2021\/07\/4-6-560x333.jpg\" alt=\"\" width=\"560\" height=\"333\" srcset=\"https:\/\/www.giurgiuveanul.ro\/stiri\/wp-content\/uploads\/2021\/07\/4-6-560x333.jpg 560w, https:\/\/www.giurgiuveanul.ro\/stiri\/wp-content\/uploads\/2021\/07\/4-6-250x149.jpg 250w, https:\/\/www.giurgiuveanul.ro\/stiri\/wp-content\/uploads\/2021\/07\/4-6-768x457.jpg 768w, https:\/\/www.giurgiuveanul.ro\/stiri\/wp-content\/uploads\/2021\/07\/4-6-400x238.jpg 400w, https:\/\/www.giurgiuveanul.ro\/stiri\/wp-content\/uploads\/2021\/07\/4-6.jpg 800w\" sizes=\"auto, (max-width: 560px) 100vw, 560px\" \/><\/a> <a href=\"https:\/\/www.giurgiuveanul.ro\/stiri\/wp-content\/uploads\/2021\/07\/6-6.jpg\"><img loading=\"lazy\" decoding=\"async\" class=\"aligncenter size-large wp-image-81554\" src=\"https:\/\/www.giurgiuveanul.ro\/stiri\/wp-content\/uploads\/2021\/07\/6-6-560x319.jpg\" alt=\"\" width=\"560\" height=\"319\" srcset=\"https:\/\/www.giurgiuveanul.ro\/stiri\/wp-content\/uploads\/2021\/07\/6-6-560x319.jpg 560w, https:\/\/www.giurgiuveanul.ro\/stiri\/wp-content\/uploads\/2021\/07\/6-6-250x142.jpg 250w, https:\/\/www.giurgiuveanul.ro\/stiri\/wp-content\/uploads\/2021\/07\/6-6-768x437.jpg 768w, https:\/\/www.giurgiuveanul.ro\/stiri\/wp-content\/uploads\/2021\/07\/6-6-400x228.jpg 400w, https:\/\/www.giurgiuveanul.ro\/stiri\/wp-content\/uploads\/2021\/07\/6-6.jpg 800w\" sizes=\"auto, (max-width: 560px) 100vw, 560px\" \/><\/a><\/p>\n<p><a href=\"https:\/\/www.giurgiuveanul.ro\/stiri\/wp-content\/uploads\/2021\/07\/7-5.jpg\"><img loading=\"lazy\" decoding=\"async\" class=\"aligncenter size-large wp-image-81555\" src=\"https:\/\/www.giurgiuveanul.ro\/stiri\/wp-content\/uploads\/2021\/07\/7-5-560x439.jpg\" alt=\"\" width=\"560\" height=\"439\" srcset=\"https:\/\/www.giurgiuveanul.ro\/stiri\/wp-content\/uploads\/2021\/07\/7-5-560x439.jpg 560w, https:\/\/www.giurgiuveanul.ro\/stiri\/wp-content\/uploads\/2021\/07\/7-5-250x196.jpg 250w, https:\/\/www.giurgiuveanul.ro\/stiri\/wp-content\/uploads\/2021\/07\/7-5-768x602.jpg 768w, https:\/\/www.giurgiuveanul.ro\/stiri\/wp-content\/uploads\/2021\/07\/7-5-400x314.jpg 400w, https:\/\/www.giurgiuveanul.ro\/stiri\/wp-content\/uploads\/2021\/07\/7-5.jpg 800w\" sizes=\"auto, (max-width: 560px) 100vw, 560px\" \/><\/a><\/p>\n<p style=\"text-align: justify;\">Iat\u0103 lista complet\u0103 a componen\u021bei noului Birou Permanent Jude\u021bean ales ieri:<\/p>\n<p style=\"text-align: justify;\"><strong>Pre\u0219edinte: Dan \u0218tefan Motreanu<\/strong><\/p>\n<p style=\"text-align: justify;\"><strong><em>Prim-vicepre\u0219edinte: Ioan Alexandru Andrei<\/em><\/strong><\/p>\n<p style=\"text-align: justify;\"><strong><em>Prim-vicepre\u0219edinte: Florin Toma Petcu<\/em><\/strong><\/p>\n<p style=\"text-align: justify;\"><strong>Vicepre\u0219edin\u021bi:<\/strong><\/p>\n<ul style=\"text-align: justify;\">\n<li>Constantin C\u0103r\u0103p\u0103nceanu<\/li>\n<li>Constantin Dumitru<\/li>\n<li>Florian Velicu<\/li>\n<li>Mihai Dobre<\/li>\n<li>Viorel Iosif<\/li>\n<li>Constantin Stoica<\/li>\n<li>Alina Meclea<\/li>\n<li>Elisabeta Mihalcea<\/li>\n<li>Maria Gabriela Horga<\/li>\n<li>Dumitru Beianu<\/li>\n<li>Adrian Anghelescu<\/li>\n<li>Cristian Anculescu (prin fuziune, conf. art. 27 din ROLJ)<\/li>\n<li>Marius Stanciu (prin fuziune, conf. art. 27 din ROLJ)<\/li>\n<\/ul>\n<p style=\"text-align: justify;\"><strong>Membri:<\/strong><\/p>\n<ul style=\"text-align: justify;\">\n<li>Dumitru Iordache<\/li>\n<li>D\u0103nu\u021b Daia<\/li>\n<li>Gheorghe Manea<\/li>\n<li>Marian \u021aaga<\/li>\n<li>Silvian Manea<\/li>\n<li>Marian Ghid\u0103nac<\/li>\n<li>Marian Negru<\/li>\n<li>Emilian B\u0103nic\u0103<\/li>\n<li>Tiberiu Genu Nan<\/li>\n<li>C\u0103t\u0103lin Ionescu<\/li>\n<li>Alexandru Popescu<\/li>\n<li>Silviu Lungu<\/li>\n<li>Ionu\u021b Mugurel Badea<\/li>\n<li>Nicu\u0219or Iacob<\/li>\n<li>Dumitru Gavril\u0103<\/li>\n<li>Ovidiu Aurelian Andrei (fuziune, conf. art. 27 din ROLJ)<\/li>\n<li>Eugen \u0218oav\u0103 (fuziune, conf. art. 27 din ROLJ)<\/li>\n<\/ul>\n<p style=\"text-align: justify;\">\n<ul style=\"text-align: justify;\">\n<li><strong><em>Georgeta Mihu\u021b &#8211; pre\u0219edinte Comisia de Arbitraj<\/em><\/strong><strong><em>\u00a0<\/em><\/strong><\/li>\n<\/ul>\n<ul style=\"text-align: justify;\">\n<li><strong><em>Gheorghe Bu\u0219cu \u2013 pre\u0219edinte Comisia Jude\u021bean de Revizie \u0219i Cenzori<\/em><\/strong><\/li>\n<\/ul>\n<ul style=\"text-align: justify;\">\n<li><strong><em>George Dobre \u2013 trezorier<\/em><\/strong><\/li>\n<\/ul>\n<p style=\"text-align: justify;\"><strong><em>\u00a0<\/em><\/strong><\/p>\n<p style=\"text-align: center;\"><em><strong>PNL GIURGIU<\/strong><\/em><\/p>\n","protected":false},"excerpt":{"rendered":"<p>Cei<\/p>\n","protected":false},"author":1,"featured_media":0,"comment_status":"open","ping_status":"open","sticky":false,"template":"","format":"standard","meta":{"footnotes":""},"categories":[8],"tags":[],"class_list":["post-81548","post","type-post","status-publish","format-standard","hentry","category-alert-news"],"_links":{"self":[{"href":"https:\/\/www.giurgiuveanul.ro\/stiri\/wp-json\/wp\/v2\/posts\/81548","targetHints":{"allow":["GET"]}}],"collection":[{"href":"https:\/\/www.giurgiuveanul.ro\/stiri\/wp-json\/wp\/v2\/posts"}],"about":[{"href":"https:\/\/www.giurgiuveanul.ro\/stiri\/wp-json\/wp\/v2\/types\/post"}],"author":[{"embeddable":true,"href":"https:\/\/www.giurgiuveanul.ro\/stiri\/wp-json\/wp\/v2\/users\/1"}],"replies":[{"embeddable":true,"href":"https:\/\/www.giurgiuveanul.ro\/stiri\/wp-json\/wp\/v2\/comments?post=81548"}],"version-history":[{"count":0,"href":"https:\/\/www.giurgiuveanul.ro\/stiri\/wp-json\/wp\/v2\/posts\/81548\/revisions"}],"wp:attachment":[{"href":"https:\/\/www.giurgiuveanul.ro\/stiri\/wp-json\/wp\/v2\/media?parent=81548"}],"wp:term":[{"taxonomy":"category","embeddable":true,"href":"https:\/\/www.giurgiuveanul.ro\/stiri\/wp-json\/wp\/v2\/categories?post=81548"},{"taxonomy":"post_tag","embeddable":true,"href":"https:\/\/www.giurgiuveanul.ro\/stiri\/wp-json\/wp\/v2\/tags?post=81548"}],"curies":[{"name":"wp","href":"https:\/\/api.w.org\/{rel}","templated":true}]}}