{"id":82001,"date":"2021-08-05T17:38:13","date_gmt":"2021-08-05T14:38:13","guid":{"rendered":"https:\/\/www.giurgiuveanul.ro\/stiri\/?p=82001"},"modified":"2021-08-05T17:39:11","modified_gmt":"2021-08-05T14:39:11","slug":"dan-negru-lansare-de-carte-la-giurgiu","status":"publish","type":"post","link":"https:\/\/www.giurgiuveanul.ro\/stiri\/dan-negru-lansare-de-carte-la-giurgiu\/","title":{"rendered":"Dan Negru, lansare de carte la Giurgiu!"},"content":{"rendered":"<p style=\"text-align: justify;\"><a href=\"https:\/\/www.giurgiuveanul.ro\/stiri\/wp-content\/uploads\/2021\/08\/dan-negru-deces.jpg\"><img loading=\"lazy\" decoding=\"async\" class=\"aligncenter wp-image-82004\" src=\"https:\/\/www.giurgiuveanul.ro\/stiri\/wp-content\/uploads\/2021\/08\/dan-negru-deces-560x442.jpg\" alt=\"\" width=\"574\" height=\"453\" srcset=\"https:\/\/www.giurgiuveanul.ro\/stiri\/wp-content\/uploads\/2021\/08\/dan-negru-deces-560x442.jpg 560w, https:\/\/www.giurgiuveanul.ro\/stiri\/wp-content\/uploads\/2021\/08\/dan-negru-deces-250x197.jpg 250w, https:\/\/www.giurgiuveanul.ro\/stiri\/wp-content\/uploads\/2021\/08\/dan-negru-deces-400x316.jpg 400w, https:\/\/www.giurgiuveanul.ro\/stiri\/wp-content\/uploads\/2021\/08\/dan-negru-deces.jpg 640w\" sizes=\"auto, (max-width: 574px) 100vw, 574px\" \/><\/a>Giurgiuvenii<!--more--> iubitori de carte sunt invita\u0163i s\u00e2mb\u0103t\u0103, 7 august, la ora 12:00, la sediul Bibliotecii Jude\u021bene &#8222;I. A. Bassarabescu&#8221;, din \u015foseaua Bucure\u015fti, nr. 53, la lansarea volumului &#8222;Amintiri \u00een ALB \u015fi NEGRU&#8221;, autor Dan Negru!<\/p>\n<p><a href=\"https:\/\/www.giurgiuveanul.ro\/stiri\/wp-content\/uploads\/2021\/08\/jpg.jpg\"><img loading=\"lazy\" decoding=\"async\" class=\"aligncenter wp-image-82003\" src=\"https:\/\/www.giurgiuveanul.ro\/stiri\/wp-content\/uploads\/2021\/08\/jpg.jpg\" alt=\"\" width=\"460\" height=\"326\" srcset=\"https:\/\/www.giurgiuveanul.ro\/stiri\/wp-content\/uploads\/2021\/08\/jpg.jpg 320w, https:\/\/www.giurgiuveanul.ro\/stiri\/wp-content\/uploads\/2021\/08\/jpg-250x177.jpg 250w\" sizes=\"auto, (max-width: 460px) 100vw, 460px\" \/><\/a><\/p>\n","protected":false},"excerpt":{"rendered":"<p>Giurgiuvenii<\/p>\n","protected":false},"author":1,"featured_media":0,"comment_status":"open","ping_status":"open","sticky":false,"template":"","format":"standard","meta":{"footnotes":""},"categories":[8],"tags":[],"class_list":["post-82001","post","type-post","status-publish","format-standard","hentry","category-alert-news"],"_links":{"self":[{"href":"https:\/\/www.giurgiuveanul.ro\/stiri\/wp-json\/wp\/v2\/posts\/82001","targetHints":{"allow":["GET"]}}],"collection":[{"href":"https:\/\/www.giurgiuveanul.ro\/stiri\/wp-json\/wp\/v2\/posts"}],"about":[{"href":"https:\/\/www.giurgiuveanul.ro\/stiri\/wp-json\/wp\/v2\/types\/post"}],"author":[{"embeddable":true,"href":"https:\/\/www.giurgiuveanul.ro\/stiri\/wp-json\/wp\/v2\/users\/1"}],"replies":[{"embeddable":true,"href":"https:\/\/www.giurgiuveanul.ro\/stiri\/wp-json\/wp\/v2\/comments?post=82001"}],"version-history":[{"count":0,"href":"https:\/\/www.giurgiuveanul.ro\/stiri\/wp-json\/wp\/v2\/posts\/82001\/revisions"}],"wp:attachment":[{"href":"https:\/\/www.giurgiuveanul.ro\/stiri\/wp-json\/wp\/v2\/media?parent=82001"}],"wp:term":[{"taxonomy":"category","embeddable":true,"href":"https:\/\/www.giurgiuveanul.ro\/stiri\/wp-json\/wp\/v2\/categories?post=82001"},{"taxonomy":"post_tag","embeddable":true,"href":"https:\/\/www.giurgiuveanul.ro\/stiri\/wp-json\/wp\/v2\/tags?post=82001"}],"curies":[{"name":"wp","href":"https:\/\/api.w.org\/{rel}","templated":true}]}}