{"id":82008,"date":"2021-08-05T19:01:06","date_gmt":"2021-08-05T16:01:06","guid":{"rendered":"https:\/\/www.giurgiuveanul.ro\/stiri\/?p=82008"},"modified":"2021-08-05T19:01:16","modified_gmt":"2021-08-05T16:01:16","slug":"spectacol-de-teatru-generatii-mostenirea-tacuta-despre-impactul-experientelor-familiei-asupra-propriei-noastre-vieti-premiera-in-giurgiu","status":"publish","type":"post","link":"https:\/\/www.giurgiuveanul.ro\/stiri\/spectacol-de-teatru-generatii-mostenirea-tacuta-despre-impactul-experientelor-familiei-asupra-propriei-noastre-vieti-premiera-in-giurgiu\/","title":{"rendered":"Spectacol de teatru: Genera\u021bii &#8211; Mo\u0219tenirea T\u0103cut\u0103, despre impactul experien\u021belor familiei asupra propriei noastre vie\u021bi, premier\u0103 \u00een Giurgiu"},"content":{"rendered":"<p style=\"text-align: justify;\"><strong><a href=\"https:\/\/www.giurgiuveanul.ro\/stiri\/wp-content\/uploads\/2021\/08\/thumbnail-2.jpg\"><img loading=\"lazy\" decoding=\"async\" class=\"aligncenter  wp-image-82009\" src=\"https:\/\/www.giurgiuveanul.ro\/stiri\/wp-content\/uploads\/2021\/08\/thumbnail-2-560x420.jpg\" alt=\"\" width=\"576\" height=\"432\" srcset=\"https:\/\/www.giurgiuveanul.ro\/stiri\/wp-content\/uploads\/2021\/08\/thumbnail-2-560x420.jpg 560w, https:\/\/www.giurgiuveanul.ro\/stiri\/wp-content\/uploads\/2021\/08\/thumbnail-2-250x188.jpg 250w, https:\/\/www.giurgiuveanul.ro\/stiri\/wp-content\/uploads\/2021\/08\/thumbnail-2-768x576.jpg 768w, https:\/\/www.giurgiuveanul.ro\/stiri\/wp-content\/uploads\/2021\/08\/thumbnail-2-400x300.jpg 400w, https:\/\/www.giurgiuveanul.ro\/stiri\/wp-content\/uploads\/2021\/08\/thumbnail-2.jpg 1200w\" sizes=\"auto, (max-width: 576px) 100vw, 576px\" \/><\/a>Publicul giurgiuvean este invitat la<!--more--> spectacolul de teatru <em>Genera\u021bii &#8211; Mo\u0219tenirea T\u0103cut\u0103<\/em>, pentru a descoperi pove\u0219ti din trecut ale c\u0103ror ecouri le resim\u021bim \u0219i acum. O c\u0103l\u0103torie cronologic\u0103 prin amintirile noastre de familie.<\/strong><\/p>\n<p><a href=\"https:\/\/www.giurgiuveanul.ro\/stiri\/wp-content\/uploads\/2021\/08\/thumbnail-3.jpg\"><img loading=\"lazy\" decoding=\"async\" class=\"aligncenter size-large wp-image-82011\" src=\"https:\/\/www.giurgiuveanul.ro\/stiri\/wp-content\/uploads\/2021\/08\/thumbnail-3-560x420.jpg\" alt=\"\" width=\"560\" height=\"420\" srcset=\"https:\/\/www.giurgiuveanul.ro\/stiri\/wp-content\/uploads\/2021\/08\/thumbnail-3-560x420.jpg 560w, https:\/\/www.giurgiuveanul.ro\/stiri\/wp-content\/uploads\/2021\/08\/thumbnail-3-250x188.jpg 250w, https:\/\/www.giurgiuveanul.ro\/stiri\/wp-content\/uploads\/2021\/08\/thumbnail-3-768x576.jpg 768w, https:\/\/www.giurgiuveanul.ro\/stiri\/wp-content\/uploads\/2021\/08\/thumbnail-3-400x300.jpg 400w, https:\/\/www.giurgiuveanul.ro\/stiri\/wp-content\/uploads\/2021\/08\/thumbnail-3.jpg 1200w\" sizes=\"auto, (max-width: 560px) 100vw, 560px\" \/><\/a><\/p>\n<p style=\"text-align: justify;\">Spectacolul produs \u0219i conceput de <a href=\"https:\/\/asociatiadelazero.ro\/\">Asocia\u021bia Delazero<\/a> va avea premiera \u00een <strong>9 august <\/strong>la<strong> Muzeul Jude\u021bean Teohari Antonescu <\/strong>(ora 20.30), urm\u00e2nd ca \u00eenc\u0103 o reprezenta\u021bie s\u0103 aib\u0103 loc la <strong>Colegiul Na\u021bional &#8222;Ion Maiorescu&#8221;<\/strong> pe 10 august (ora 20:30).<\/p>\n<p style=\"text-align: justify;\">Ce impact au experien\u021bele familiei asupra propriei noastre vie\u021bi? Cum ar fi dac\u0103 le-am cunoa\u0219te? <em>Genera\u021bii \u2013 Mo\u0219tenirea T\u0103cut\u0103<\/em> spune povestea unei familii surprins\u0103 \u00een momente esen\u021biale ale existen\u021bei sale, poveste cu care s-ar putea identifica poate mul\u021bi dintre noi. Recomandat p\u0103rin\u021bilor, bunicilor \u0219i tinerilor.<\/p>\n<p style=\"text-align: justify;\">Reprezenta\u021biile au<strong> intrarea liber\u0103<\/strong>, iar accesul se va face doar \u00een baza unei rezerv\u0103ri la adresa <em>generatiimostenireatacuta@gmail.com<\/em>.<\/p>\n<p style=\"text-align: justify;\">\u00cen distribu\u021bia spectacolului <em>Genera\u021bii \u2013 Mo\u0219tenirea T\u0103cut\u0103 <\/em>(regia: <em>Corina Andrian<\/em>, scenariul: <em>Cristina Tudor<\/em>) sunt actorii: <em>Andrei Atabay, Andrei Cristea, Lia Marin, George Olar, Victoria Radu,\u00a0 Cristina Tudor<\/em>. Sound design: <em>Adrian Piciorea<\/em>. Co-produc\u0103tor: <em>Teatrul Apropo<\/em>. Produc\u021bie \u0219i suport tehnic: <em>Motorul de Produc\u021bie<\/em>.<\/p>\n<p style=\"text-align: justify;\">Dup\u0103 spectacolele din Bucure\u0219ti (2, 3, 4 \u0219i 5 august), Giurgiu este prima destina\u021bie din turneul na\u021bional al <em>Genera\u021bii \u2013 Mo\u0219tenirea <\/em>T\u0103cut\u0103, care va mai avea reprezenta\u021bii dup\u0103 urm\u0103torul program: Constan\u021ba: 14 August &#8211; ArtGema Pub, ora 18.00; Babadag: 18 August &#8211; \u0218coala Gimnazial\u0103 Mircea cel B\u0103tr\u00e2n, ora 20.30; Ia\u0219i: 23 \u0219i 24 August &#8211; Muzeul Na\u021bional al Literaturii Rom\u00e2ne Ia\u0219i, ora 19.30; Pa\u0219cani: 26 August &#8211; Colegiul Na\u021bional Mihail Sadoveanu, ora 20.30.<\/p>\n<p style=\"text-align: justify;\">Mai multe informa\u021bii despre spectacolul de teatru g\u0103si\u021bi \u00een evenimentul de pe Facebook: <u><a href=\"https:\/\/www.facebook.com\/events\/522667198811072\">Genera\u021bii- Mo\u0219tenirea T\u0103cut\u0103- spectacol de teatru<\/a><\/u> sau pe <a href=\"https:\/\/asociatiadelazero.ro\/generatii-la-povesti\/\">site<\/a>.<\/p>\n<p style=\"text-align: justify;\">Spectacolul Genera\u021bii &#8211; Mo\u0219tenirea T\u0103cut\u0103 face parte din proiectul cultural cu acela\u0219i nume, care propune utilizarea teatrului ca mediu intrinsec de anulare a barierei dintre genera\u021bii prin valorizarea procesului de \u00eemp\u0103rt\u0103\u0219ire a pove\u0219tilor, cu scopul de a-i apropia pe adolescen\u021bi de p\u0103rin\u021bi \u0219i de bunici, gener\u00e2nd totodat\u0103 idei, tr\u0103iri \u0219i principii care s\u0103 consolideze leg\u0103tura dintre ei.<\/p>\n<p style=\"text-align: justify;\">\u00cen cadrul proiectului, va avea loc <strong>o serie de ateliere de scriere intuitiv\u0103 \u0219i spus pove\u0219ti<\/strong> pentru adolescen\u021bi \u0219i adul\u021bii din via\u021ba lor. Atelierele din Giurgiu vor avea loc pe<strong> 11 \u0219i pe 12 august, la Centrul Cultural &#8222;Ion Vinea&#8221;<\/strong>, iar Seara de Lectur\u0103 \u201dGenera\u021bii la Pove\u0219ti\u201d va fi \u00een 12 August, \u00een aceea\u0219i loca\u021bie.<\/p>\n<p style=\"text-align: justify;\">Participarea la Ateliere \u0219i intrarea la Serile de Lectur\u0103 sunt gratuite.<\/p>\n<p style=\"text-align: justify;\">Mai multe detalii despre ateliere se g\u0103sesc \u00een evenimentul de pe Facebook: <u><a href=\"https:\/\/www.facebook.com\/events\/4531566973523046\">Ateliere de scriere intuitiv\u0103 \u0219i Seri de Lectur\u0103 -Genera\u021bii la Pove\u0219ti<\/a><\/u>, iar \u00eenscrierile se fac la: <u><a href=\"mailto:generatiimostenireatacuta@gmail.com\">generatiimostenireatacuta@gmail.com<\/a><\/u>.<\/p>\n<p><a href=\"https:\/\/www.giurgiuveanul.ro\/stiri\/wp-content\/uploads\/2021\/08\/Generatii-Mostenirea-tacuta_ateliere_2.jpg\"><img loading=\"lazy\" decoding=\"async\" class=\"aligncenter size-large wp-image-82010\" src=\"https:\/\/www.giurgiuveanul.ro\/stiri\/wp-content\/uploads\/2021\/08\/Generatii-Mostenirea-tacuta_ateliere_2-560x293.jpg\" alt=\"\" width=\"560\" height=\"293\" srcset=\"https:\/\/www.giurgiuveanul.ro\/stiri\/wp-content\/uploads\/2021\/08\/Generatii-Mostenirea-tacuta_ateliere_2-560x293.jpg 560w, https:\/\/www.giurgiuveanul.ro\/stiri\/wp-content\/uploads\/2021\/08\/Generatii-Mostenirea-tacuta_ateliere_2-250x131.jpg 250w, https:\/\/www.giurgiuveanul.ro\/stiri\/wp-content\/uploads\/2021\/08\/Generatii-Mostenirea-tacuta_ateliere_2-768x402.jpg 768w, https:\/\/www.giurgiuveanul.ro\/stiri\/wp-content\/uploads\/2021\/08\/Generatii-Mostenirea-tacuta_ateliere_2-400x209.jpg 400w, https:\/\/www.giurgiuveanul.ro\/stiri\/wp-content\/uploads\/2021\/08\/Generatii-Mostenirea-tacuta_ateliere_2.jpg 1200w\" sizes=\"auto, (max-width: 560px) 100vw, 560px\" \/><\/a><\/p>\n","protected":false},"excerpt":{"rendered":"<p>Publicul giurgiuvean este invitat la<\/p>\n","protected":false},"author":1,"featured_media":0,"comment_status":"open","ping_status":"open","sticky":false,"template":"","format":"standard","meta":{"footnotes":""},"categories":[8],"tags":[],"class_list":["post-82008","post","type-post","status-publish","format-standard","hentry","category-alert-news"],"_links":{"self":[{"href":"https:\/\/www.giurgiuveanul.ro\/stiri\/wp-json\/wp\/v2\/posts\/82008","targetHints":{"allow":["GET"]}}],"collection":[{"href":"https:\/\/www.giurgiuveanul.ro\/stiri\/wp-json\/wp\/v2\/posts"}],"about":[{"href":"https:\/\/www.giurgiuveanul.ro\/stiri\/wp-json\/wp\/v2\/types\/post"}],"author":[{"embeddable":true,"href":"https:\/\/www.giurgiuveanul.ro\/stiri\/wp-json\/wp\/v2\/users\/1"}],"replies":[{"embeddable":true,"href":"https:\/\/www.giurgiuveanul.ro\/stiri\/wp-json\/wp\/v2\/comments?post=82008"}],"version-history":[{"count":0,"href":"https:\/\/www.giurgiuveanul.ro\/stiri\/wp-json\/wp\/v2\/posts\/82008\/revisions"}],"wp:attachment":[{"href":"https:\/\/www.giurgiuveanul.ro\/stiri\/wp-json\/wp\/v2\/media?parent=82008"}],"wp:term":[{"taxonomy":"category","embeddable":true,"href":"https:\/\/www.giurgiuveanul.ro\/stiri\/wp-json\/wp\/v2\/categories?post=82008"},{"taxonomy":"post_tag","embeddable":true,"href":"https:\/\/www.giurgiuveanul.ro\/stiri\/wp-json\/wp\/v2\/tags?post=82008"}],"curies":[{"name":"wp","href":"https:\/\/api.w.org\/{rel}","templated":true}]}}