{"id":82014,"date":"2021-08-05T20:33:15","date_gmt":"2021-08-05T17:33:15","guid":{"rendered":"https:\/\/www.giurgiuveanul.ro\/stiri\/?p=82014"},"modified":"2021-08-05T20:34:00","modified_gmt":"2021-08-05T17:34:00","slug":"sarbatoare-mare-ce-nu-ai-voie-sa-faci-pe-6-august-de-schimbarea-la-fata-a-domnului","status":"publish","type":"post","link":"https:\/\/www.giurgiuveanul.ro\/stiri\/sarbatoare-mare-ce-nu-ai-voie-sa-faci-pe-6-august-de-schimbarea-la-fata-a-domnului\/","title":{"rendered":"S\u0103rb\u0103toare mare! Ce nu ai voie s\u0103 faci pe 6 august, de \u201eSchimbarea la Fa\u0163\u0103 a Domnului\u201d"},"content":{"rendered":"<p style=\"text-align: justify;\"><strong><a href=\"https:\/\/www.giurgiuveanul.ro\/stiri\/wp-content\/uploads\/2021\/08\/00000-schimbarea-la-fata-a-domnului-122742.jpg\"><img loading=\"lazy\" decoding=\"async\" class=\"aligncenter  wp-image-82015\" src=\"https:\/\/www.giurgiuveanul.ro\/stiri\/wp-content\/uploads\/2021\/08\/00000-schimbarea-la-fata-a-domnului-122742-560x358.jpg\" alt=\"\" width=\"579\" height=\"370\" srcset=\"https:\/\/www.giurgiuveanul.ro\/stiri\/wp-content\/uploads\/2021\/08\/00000-schimbarea-la-fata-a-domnului-122742-560x358.jpg 560w, https:\/\/www.giurgiuveanul.ro\/stiri\/wp-content\/uploads\/2021\/08\/00000-schimbarea-la-fata-a-domnului-122742-250x160.jpg 250w, https:\/\/www.giurgiuveanul.ro\/stiri\/wp-content\/uploads\/2021\/08\/00000-schimbarea-la-fata-a-domnului-122742-768x491.jpg 768w, https:\/\/www.giurgiuveanul.ro\/stiri\/wp-content\/uploads\/2021\/08\/00000-schimbarea-la-fata-a-domnului-122742-400x256.jpg 400w, https:\/\/www.giurgiuveanul.ro\/stiri\/wp-content\/uploads\/2021\/08\/00000-schimbarea-la-fata-a-domnului-122742.jpg 1092w\" sizes=\"auto, (max-width: 579px) 100vw, 579px\" \/><\/a>S\u0103rb\u0103toarea \u201eSCHIMBAREA LA FA\u0162\u0102 A DOMNULUI\u201d,<!--more-->\u00a0celebrat\u0103 de cre\u015ftinii ortodoc\u015fi la\u00a06 august, semnifica momentul in care Hristos a luat pe ucenicii Sai si a urcat pe munte si acolo fata Lui a aparut stralucind. Vesmintele Lui au devenit albe ca zapada, iar ucenicii au putut vedea Lumina dumnezeiasca. In traditie, s-au transmis mai multe obiceiuri \u015fi tradi\u0163ii legate de aceasta zi.<\/strong><\/p>\n<p style=\"text-align: justify;\">\u00cen aceast\u0103 zi nu e bine s\u0103 te cer\u021bi cu nimeni \u0219i nici s\u0103 fii certat de cineva, c\u0103 a\u0219a vei fi tot anul, p\u00e2n\u0103 la urm\u0103toarea s\u0103rb\u0103toare. Fetele sunt sf\u0103tuite s\u0103 nu se pieptene \u00een aceast\u0103 zi, pentru c\u0103 nu le mai cre\u0219te p\u0103rul, a\u0219a cum nu mai cre\u0219te nici iarb\u0103.<\/p>\n<p style=\"text-align: justify;\">\u00cen aceast\u0103 zi se interzice sc\u0103ldatul. De la Probajenii \u00eenainte, nu-i slobod s\u0103 te mai scalzi \u00een r\u0103u. O cobor\u00e2t cerbul de la munte, s-o pisat \u00een apa \u0219i-o r\u0103cit apa. At\u00e2ta-i t\u0103t.&#8221; (Memoria Ethnologica) Explica\u021bia este cu totul alt\u0103: apele fiind de acum tot mai reci, cre\u0219te riscul \u00eemboln\u0103virilor. Praznicul Schimbarii la fata a Domnului readuce aminte de revelatia stralucirii divine a lui Hristos de pe Muntele Tabor din Galileea (Matei 17:1-6; Marcu 9:1-8; Luca 9:28-36).Dupa ce le-a adus la cunostiinta ucenicilor sai ca urmeaza sa fie ucis in Ierusalim (Matei 16:21), Hristos, impreuna cu Sfantul Petru, Sfantul Iacob si Sfantul Ioan, a urcat pe inaltul munte. Aici, asa cum consemneaza Matei, &#8222;S-a schimbat la fata, inaintea lor, si a stralucit fata Lui ca soarele, iar vesmintele Lui s-au facut albe ca lumina.&#8221;<\/p>\n<p style=\"text-align: justify;\">\u00cen aceast\u0103 zi trebuie s\u0103 se \u0163in\u0103 cont de <strong>tradi\u0163ii \u015fi obiceiuri pentru spor \u015fi s\u0103n\u0103tate:<\/strong><\/p>\n<p style=\"text-align: justify;\">&#8211; nu este bine s\u0103 te cer\u0163i cu nimeni \u015fi nici s\u0103 fi certat deoarece a\u015fa vei fi tot anul;<\/p>\n<p style=\"text-align: justify;\">&#8211; fetele nu trebuie s\u0103 se pieptene deoarece podoaba capilar\u0103 va stopa din cre\u015ftere;<\/p>\n<p style=\"text-align: justify;\">&#8211; nu se spal\u0103 \u00een aceast\u0103 zi deoarece o s\u0103 fi\u0163i n\u0103p\u0103di\u0163i de plo\u015fni\u0163e \u015fi p\u0103duchi;<\/p>\n<p style=\"text-align: justify;\">&#8211; femeile \u00eens\u0103rcinate, dac\u0103 vor posti \u00een aceast\u0103 zi, vor avea parte de o na\u015ftere u\u015foar\u0103 \u015fi de copii s\u0103n\u0103to\u015fi;<\/p>\n<p style=\"text-align: justify;\">&#8211; este bine de evitat c\u0103l\u0103toriile deoarece se spune c\u0103 v\u0103 ve\u0163i r\u0103t\u0103ci;<\/p>\n<p style=\"text-align: justify;\">&#8211; pentru spor \u015fi s\u0103n\u0103tate, \u00een aceast\u0103 zi se duc la biseric\u0103 ofrande, \u00een special struguri, care se sfin\u0163esc \u015fi se \u00eempart \u00een memoria rudelor decedate.<\/p>\n<p style=\"text-align: justify;\">Despre oamenii care nu-\u0219i v\u0103d umbra capului la r\u0103s\u0103ritul soarelui, \u00een diminea\u021ba zilei, se spune c\u0103 vor muri p\u00e2n\u0103 la sf\u00e2r\u0219itul anului.<\/p>\n","protected":false},"excerpt":{"rendered":"<p>S\u0103rb\u0103toarea \u201eSCHIMBAREA LA FA\u0162\u0102 A DOMNULUI\u201d,<\/p>\n","protected":false},"author":1,"featured_media":0,"comment_status":"open","ping_status":"open","sticky":false,"template":"","format":"standard","meta":{"footnotes":""},"categories":[8],"tags":[],"class_list":["post-82014","post","type-post","status-publish","format-standard","hentry","category-alert-news"],"_links":{"self":[{"href":"https:\/\/www.giurgiuveanul.ro\/stiri\/wp-json\/wp\/v2\/posts\/82014","targetHints":{"allow":["GET"]}}],"collection":[{"href":"https:\/\/www.giurgiuveanul.ro\/stiri\/wp-json\/wp\/v2\/posts"}],"about":[{"href":"https:\/\/www.giurgiuveanul.ro\/stiri\/wp-json\/wp\/v2\/types\/post"}],"author":[{"embeddable":true,"href":"https:\/\/www.giurgiuveanul.ro\/stiri\/wp-json\/wp\/v2\/users\/1"}],"replies":[{"embeddable":true,"href":"https:\/\/www.giurgiuveanul.ro\/stiri\/wp-json\/wp\/v2\/comments?post=82014"}],"version-history":[{"count":0,"href":"https:\/\/www.giurgiuveanul.ro\/stiri\/wp-json\/wp\/v2\/posts\/82014\/revisions"}],"wp:attachment":[{"href":"https:\/\/www.giurgiuveanul.ro\/stiri\/wp-json\/wp\/v2\/media?parent=82014"}],"wp:term":[{"taxonomy":"category","embeddable":true,"href":"https:\/\/www.giurgiuveanul.ro\/stiri\/wp-json\/wp\/v2\/categories?post=82014"},{"taxonomy":"post_tag","embeddable":true,"href":"https:\/\/www.giurgiuveanul.ro\/stiri\/wp-json\/wp\/v2\/tags?post=82014"}],"curies":[{"name":"wp","href":"https:\/\/api.w.org\/{rel}","templated":true}]}}