{"id":82430,"date":"2021-08-20T17:53:27","date_gmt":"2021-08-20T14:53:27","guid":{"rendered":"https:\/\/www.giurgiuveanul.ro\/stiri\/?p=82430"},"modified":"2021-08-20T17:53:40","modified_gmt":"2021-08-20T14:53:40","slug":"astazi-e-ziua-ta-la-multi-ani-fericiti-si-impliniti-domnule-primar-adrian-anghelescu","status":"publish","type":"post","link":"https:\/\/www.giurgiuveanul.ro\/stiri\/astazi-e-ziua-ta-la-multi-ani-fericiti-si-impliniti-domnule-primar-adrian-anghelescu\/","title":{"rendered":"Ast\u0103zi e ziua ta: La mul\u0163i ani ferici\u0163i \u015fi \u00eemplini\u0163i, domnule primar Adrian Anghelescu!"},"content":{"rendered":"<p style=\"text-align: justify;\"><a href=\"https:\/\/www.giurgiuveanul.ro\/stiri\/wp-content\/uploads\/2021\/08\/Adrian-Anghelescu-foto-by-Giurgiuveanul.jpg\"><img loading=\"lazy\" decoding=\"async\" class=\"aligncenter  wp-image-82431\" src=\"https:\/\/www.giurgiuveanul.ro\/stiri\/wp-content\/uploads\/2021\/08\/Adrian-Anghelescu-foto-by-Giurgiuveanul-560x392.jpg\" alt=\"\" width=\"584\" height=\"409\" srcset=\"https:\/\/www.giurgiuveanul.ro\/stiri\/wp-content\/uploads\/2021\/08\/Adrian-Anghelescu-foto-by-Giurgiuveanul-560x392.jpg 560w, https:\/\/www.giurgiuveanul.ro\/stiri\/wp-content\/uploads\/2021\/08\/Adrian-Anghelescu-foto-by-Giurgiuveanul-250x175.jpg 250w, https:\/\/www.giurgiuveanul.ro\/stiri\/wp-content\/uploads\/2021\/08\/Adrian-Anghelescu-foto-by-Giurgiuveanul-768x538.jpg 768w, https:\/\/www.giurgiuveanul.ro\/stiri\/wp-content\/uploads\/2021\/08\/Adrian-Anghelescu-foto-by-Giurgiuveanul-400x280.jpg 400w, https:\/\/www.giurgiuveanul.ro\/stiri\/wp-content\/uploads\/2021\/08\/Adrian-Anghelescu-foto-by-Giurgiuveanul.jpg 1000w\" sizes=\"auto, (max-width: 584px) 100vw, 584px\" \/><\/a>Ast\u0103zi, primarul municipiului Giurgiu, Adrian Anghelescu,<!--more--> \u00ee\u015fi s\u0103rb\u0103tore\u015fte ziua de na\u015ftere: mai exact, \u00eempline\u015fte 54 de ani.<\/p>\n<p style=\"text-align: justify;\">Cu aceast\u0103 ocazie, \u00eei adres\u0103m sincere felicit\u0103ri \u015fi ur\u0103ri de bine!<\/p>\n<p style=\"text-align: justify;\">V\u0103 dorim s\u0103n\u0103tate, r\u0103bdare \u015fi curaj, putere de munc\u0103 \u015fi reu\u015fit\u0103 deplin\u0103 \u00een toate proiectele pe care le ave\u0163i pentru locuitorii municipiului Giurgiu!<\/p>\n<p style=\"text-align: justify;\"><em>La mul\u0163i ani ferici\u0163i \u015fi \u00eemplini\u0163i cu realiz\u0103ri personale \u015fi profesionale, domnule primar Adrian Anghelescu!<\/em><\/p>\n","protected":false},"excerpt":{"rendered":"<p>Ast\u0103zi, primarul municipiului Giurgiu, Adrian Anghelescu,<\/p>\n","protected":false},"author":1,"featured_media":0,"comment_status":"open","ping_status":"open","sticky":false,"template":"","format":"standard","meta":{"footnotes":""},"categories":[16],"tags":[],"class_list":["post-82430","post","type-post","status-publish","format-standard","hentry","category-astazi-e-ziua-ta"],"_links":{"self":[{"href":"https:\/\/www.giurgiuveanul.ro\/stiri\/wp-json\/wp\/v2\/posts\/82430","targetHints":{"allow":["GET"]}}],"collection":[{"href":"https:\/\/www.giurgiuveanul.ro\/stiri\/wp-json\/wp\/v2\/posts"}],"about":[{"href":"https:\/\/www.giurgiuveanul.ro\/stiri\/wp-json\/wp\/v2\/types\/post"}],"author":[{"embeddable":true,"href":"https:\/\/www.giurgiuveanul.ro\/stiri\/wp-json\/wp\/v2\/users\/1"}],"replies":[{"embeddable":true,"href":"https:\/\/www.giurgiuveanul.ro\/stiri\/wp-json\/wp\/v2\/comments?post=82430"}],"version-history":[{"count":0,"href":"https:\/\/www.giurgiuveanul.ro\/stiri\/wp-json\/wp\/v2\/posts\/82430\/revisions"}],"wp:attachment":[{"href":"https:\/\/www.giurgiuveanul.ro\/stiri\/wp-json\/wp\/v2\/media?parent=82430"}],"wp:term":[{"taxonomy":"category","embeddable":true,"href":"https:\/\/www.giurgiuveanul.ro\/stiri\/wp-json\/wp\/v2\/categories?post=82430"},{"taxonomy":"post_tag","embeddable":true,"href":"https:\/\/www.giurgiuveanul.ro\/stiri\/wp-json\/wp\/v2\/tags?post=82430"}],"curies":[{"name":"wp","href":"https:\/\/api.w.org\/{rel}","templated":true}]}}