{"id":82552,"date":"2021-08-25T09:28:59","date_gmt":"2021-08-25T06:28:59","guid":{"rendered":"https:\/\/www.giurgiuveanul.ro\/stiri\/?p=82552"},"modified":"2021-08-25T09:30:42","modified_gmt":"2021-08-25T06:30:42","slug":"maria-gheorghiu-petrecere-cu-prietenii-la-turnul-ceasornicului-in-giurgiu","status":"publish","type":"post","link":"https:\/\/www.giurgiuveanul.ro\/stiri\/maria-gheorghiu-petrecere-cu-prietenii-la-turnul-ceasornicului-in-giurgiu\/","title":{"rendered":"Maria Gheorghiu, (pe)trecere cu prieteni la \u201eTurnul Ceasornicului, \u00een Giurgiu!"},"content":{"rendered":"<p style=\"text-align: justify;\"><strong><a href=\"https:\/\/www.giurgiuveanul.ro\/stiri\/wp-content\/uploads\/2021\/08\/239257247_10223600390389375_8918697773892960321_1111n.jpg\"><img loading=\"lazy\" decoding=\"async\" class=\"aligncenter wp-image-82553\" src=\"https:\/\/www.giurgiuveanul.ro\/stiri\/wp-content\/uploads\/2021\/08\/239257247_10223600390389375_8918697773892960321_1111n-350x450.jpg\" alt=\"\" width=\"577\" height=\"742\" srcset=\"https:\/\/www.giurgiuveanul.ro\/stiri\/wp-content\/uploads\/2021\/08\/239257247_10223600390389375_8918697773892960321_1111n-350x450.jpg 350w, https:\/\/www.giurgiuveanul.ro\/stiri\/wp-content\/uploads\/2021\/08\/239257247_10223600390389375_8918697773892960321_1111n-234x300.jpg 234w, https:\/\/www.giurgiuveanul.ro\/stiri\/wp-content\/uploads\/2021\/08\/239257247_10223600390389375_8918697773892960321_1111n-768x986.jpg 768w, https:\/\/www.giurgiuveanul.ro\/stiri\/wp-content\/uploads\/2021\/08\/239257247_10223600390389375_8918697773892960321_1111n-400x514.jpg 400w, https:\/\/www.giurgiuveanul.ro\/stiri\/wp-content\/uploads\/2021\/08\/239257247_10223600390389375_8918697773892960321_1111n.jpg 894w\" sizes=\"auto, (max-width: 577px) 100vw, 577px\" \/><\/a>Primul concert la<!--more--> Giurgiu, de anul acesta, al Mariei Gheorghiu, \u00eenso\u021bit\u0103 de Radu Gra\u021bianu, va avea loc la cafeneaua de la \u201eTurnul Ceasornicului\u201d.\u00a0<\/strong><\/p>\n<p style=\"text-align: justify;\">Eveniment organizat de ZAPONTIS.<\/p>\n<p style=\"text-align: justify;\">Vineri, pe 27 august a.c., de la ora 20:00, pe l\u00e2ng\u0103 refrenele cunoscute, ve\u021bi asculta \u0219i nout\u0103\u021bi muzicale. Ce zice\u021bi, de exemplu, de \u201eCurcubeu\u201d \u00een varianta folk-rock, sau de c\u00e2ntecele mai vechi ale Mariei, unele chiar ne\u0219tiute de voi?<\/p>\n<p style=\"text-align: justify;\">A\u015fadar, nu mai sta\u0163i pe g\u00e2nduri \u015fi rezerva\u0163i-v\u0103 un loc&#8230; la telefon <strong>0723.728.183!<\/strong><\/p>\n<p><a href=\"https:\/\/www.giurgiuveanul.ro\/stiri\/wp-content\/uploads\/2021\/08\/239257247_10223600390389375_8918697773892960321_n.jpg\"><img loading=\"lazy\" decoding=\"async\" class=\"aligncenter wp-image-82554\" src=\"https:\/\/www.giurgiuveanul.ro\/stiri\/wp-content\/uploads\/2021\/08\/239257247_10223600390389375_8918697773892960321_n-300x450.jpg\" alt=\"\" width=\"552\" height=\"828\" srcset=\"https:\/\/www.giurgiuveanul.ro\/stiri\/wp-content\/uploads\/2021\/08\/239257247_10223600390389375_8918697773892960321_n-300x450.jpg 300w, https:\/\/www.giurgiuveanul.ro\/stiri\/wp-content\/uploads\/2021\/08\/239257247_10223600390389375_8918697773892960321_n-200x300.jpg 200w, https:\/\/www.giurgiuveanul.ro\/stiri\/wp-content\/uploads\/2021\/08\/239257247_10223600390389375_8918697773892960321_n-768x1152.jpg 768w, https:\/\/www.giurgiuveanul.ro\/stiri\/wp-content\/uploads\/2021\/08\/239257247_10223600390389375_8918697773892960321_n-400x600.jpg 400w, https:\/\/www.giurgiuveanul.ro\/stiri\/wp-content\/uploads\/2021\/08\/239257247_10223600390389375_8918697773892960321_n.jpg 900w\" sizes=\"auto, (max-width: 552px) 100vw, 552px\" \/><\/a><\/p>\n<p>&nbsp;<\/p>\n","protected":false},"excerpt":{"rendered":"<p>Primul concert la<\/p>\n","protected":false},"author":1,"featured_media":0,"comment_status":"open","ping_status":"open","sticky":false,"template":"","format":"standard","meta":{"footnotes":""},"categories":[8],"tags":[],"class_list":["post-82552","post","type-post","status-publish","format-standard","hentry","category-alert-news"],"_links":{"self":[{"href":"https:\/\/www.giurgiuveanul.ro\/stiri\/wp-json\/wp\/v2\/posts\/82552","targetHints":{"allow":["GET"]}}],"collection":[{"href":"https:\/\/www.giurgiuveanul.ro\/stiri\/wp-json\/wp\/v2\/posts"}],"about":[{"href":"https:\/\/www.giurgiuveanul.ro\/stiri\/wp-json\/wp\/v2\/types\/post"}],"author":[{"embeddable":true,"href":"https:\/\/www.giurgiuveanul.ro\/stiri\/wp-json\/wp\/v2\/users\/1"}],"replies":[{"embeddable":true,"href":"https:\/\/www.giurgiuveanul.ro\/stiri\/wp-json\/wp\/v2\/comments?post=82552"}],"version-history":[{"count":0,"href":"https:\/\/www.giurgiuveanul.ro\/stiri\/wp-json\/wp\/v2\/posts\/82552\/revisions"}],"wp:attachment":[{"href":"https:\/\/www.giurgiuveanul.ro\/stiri\/wp-json\/wp\/v2\/media?parent=82552"}],"wp:term":[{"taxonomy":"category","embeddable":true,"href":"https:\/\/www.giurgiuveanul.ro\/stiri\/wp-json\/wp\/v2\/categories?post=82552"},{"taxonomy":"post_tag","embeddable":true,"href":"https:\/\/www.giurgiuveanul.ro\/stiri\/wp-json\/wp\/v2\/tags?post=82552"}],"curies":[{"name":"wp","href":"https:\/\/api.w.org\/{rel}","templated":true}]}}