{"id":82737,"date":"2021-09-01T17:40:02","date_gmt":"2021-09-01T14:40:02","guid":{"rendered":"https:\/\/www.giurgiuveanul.ro\/stiri\/?p=82737"},"modified":"2021-09-01T17:40:17","modified_gmt":"2021-09-01T14:40:17","slug":"2-668-de-posturi-scoase-la-concurs-in-scolile-postliceale-ale-mai","status":"publish","type":"post","link":"https:\/\/www.giurgiuveanul.ro\/stiri\/2-668-de-posturi-scoase-la-concurs-in-scolile-postliceale-ale-mai\/","title":{"rendered":"2.668 de posturi scoase la concurs \u00een \u0219colile postliceale ale MAI"},"content":{"rendered":"<p style=\"text-align: justify;\"><strong><a href=\"https:\/\/www.giurgiuveanul.ro\/stiri\/wp-content\/uploads\/2021\/09\/mai-1024x683-1.jpg\"><img loading=\"lazy\" decoding=\"async\" class=\"aligncenter  wp-image-82738\" src=\"https:\/\/www.giurgiuveanul.ro\/stiri\/wp-content\/uploads\/2021\/09\/mai-1024x683-1-560x374.jpg\" alt=\"\" width=\"569\" height=\"380\" srcset=\"https:\/\/www.giurgiuveanul.ro\/stiri\/wp-content\/uploads\/2021\/09\/mai-1024x683-1-560x374.jpg 560w, https:\/\/www.giurgiuveanul.ro\/stiri\/wp-content\/uploads\/2021\/09\/mai-1024x683-1-250x167.jpg 250w, https:\/\/www.giurgiuveanul.ro\/stiri\/wp-content\/uploads\/2021\/09\/mai-1024x683-1-768x512.jpg 768w, https:\/\/www.giurgiuveanul.ro\/stiri\/wp-content\/uploads\/2021\/09\/mai-1024x683-1-400x267.jpg 400w, https:\/\/www.giurgiuveanul.ro\/stiri\/wp-content\/uploads\/2021\/09\/mai-1024x683-1.jpg 1024w\" sizes=\"auto, (max-width: 569px) 100vw, 569px\" \/><\/a>\u00cen perioada<!--more--> 2 septembrie \u2013 3 noiembrie 2021, se organizeaz\u0103 o nou\u0103 sesiune de admitere \u00een cele 6 unit\u0103\u021bi de \u00eenv\u0103\u021b\u0103m\u00e2nt preuniversitar ale Ministerului Afacerilor Interne: \u0218coala de Agen\u021bi de Poli\u021bie \u201eVasile Lasc\u0103r\u201d &#8211; C\u00e2mpina, \u0218coala de Agen\u021bi de Poli\u021bie \u201eSeptimiu Mure\u0219an\u201d &#8211; Cluj-Napoca, \u0218coala de Preg\u0103tire a Agen\u021bilor Poli\u021biei de Frontier\u0103 \u201eAvram Iancu\u201d &#8211; Oradea, \u0218coala Militar\u0103 de Subofi\u021beri Jandarmi \u201eGrigore Alexandru Ghica\u201d &#8211; Dr\u0103g\u0103\u0219ani, \u0218coala Militar\u0103 de Subofi\u021beri Jandarmi \u201ePetru Rare\u0219\u201d &#8211; F\u0103lticeni, \u0218coala de Subofi\u021beri de Pompieri \u0219i Protec\u021bie Civil\u0103 \u201ePavel Z\u0103g\u0103nescu\u201d &#8211; Bolde\u0219ti.<\/strong><\/p>\n<p style=\"text-align: justify;\">Num\u0103rul de locuri, defalcat pe specializ\u0103ri, este urm\u0103torul: 1.592 pentru agen\u021bi de poli\u021bie, 225 pentru agen\u021bi de poli\u021bie de frontier\u0103, 551 de locuri pentru subofi\u021beri de jandarmi, 275 pentru subofi\u021beri de pompieri \u0219i protec\u021bie civil\u0103 \u0219i 25 de locuri pentru specializarea maistru militar auto.<\/p>\n<p style=\"text-align: justify;\">Cererile tip de \u00eenscriere se transmit exclusiv \u00een format electronic, la adresa de e-mail a unit\u0103\u021bii de recrutare<a href=\"#_ftn1\" name=\"_ftnref1\">[1]<\/a>, \u00een perioada 2-14 septembrie 2021, inclusiv \u00een zilele de s\u00e2mb\u0103t\u0103 \u0219i duminic\u0103. Unit\u0103\u021bile de recrutare vor posta pe site-ul oficial adresa de e-mail la care se vor transmite aceste cereri. Candida\u021bii se pot \u00eenscrie la o singur\u0103 \u0219coal\u0103 postliceal\u0103.<\/p>\n<p style=\"text-align: justify;\">Sesiunea de admitere cuprinde mai multe etape. Dup\u0103 \u00eencheierea perioadei de recrutare, sunt planificate evaluarea psihologic\u0103 a candida\u021bilor, proba de evaluare a performan\u021bei fizice, sus\u021binerea probei de evaluare a cuno\u0219tin\u021belor, iar la final, examinarea medical\u0103 a candida\u021bilor r\u0103ma\u0219i \u00een concurs dup\u0103 parcurgerea etapelor amintite.<\/p>\n<p style=\"text-align: justify;\">Proba de evaluare a performan\u021bei fizice se sus\u021bine \u00een perioada 29 septembrie \u2013 5 octombrie 2021, indiferent de unitatea de \u00eenv\u0103\u021b\u0103m\u00e2nt pentru care candidatul a optat, \u00een centrele zonale de selec\u021bie, astfel:<\/p>\n<p style=\"text-align: justify;\">&#8211; Academia de Poli\u021bie &#8222;Alexandru Ioan Cuza&#8221; &#8211; pentru candida\u021bii din Municipiul Bucure\u0219ti \u0219i jude\u021bele: Arge\u0219, C\u0103l\u0103ra\u0219i, Constan\u021ba, Giurgiu, Ialomi\u021ba, Ilfov, Teleorman, Tulcea;<\/p>\n<p style=\"text-align: justify;\">&#8211; \u0218coala de Agen\u021bi de Poli\u021bie &#8222;Vasile Lasc\u0103r&#8221; C\u00e2mpina &#8211; pentru candida\u021bii din jude\u021bele: Bra\u0219ov, Br\u0103ila, Buz\u0103u, Covasna, D\u00e2mbovi\u021ba, Gala\u021bi, Prahova, Vrancea;<\/p>\n<p style=\"text-align: justify;\">&#8211; \u0218coala de Agen\u021bi de Poli\u021bie &#8222;Septimiu Mure\u0219an&#8221; Cluj-Napoca &#8211; pentru candida\u021bii din jude\u021bele: Alba, Bistri\u021ba-N\u0103s\u0103ud, Cluj, Harghita, Hunedoara, Maramure\u0219, Mure\u0219, S\u0103laj, Sibiu;<\/p>\n<p style=\"text-align: justify;\">&#8211; \u0218coala de Preg\u0103tire a Agen\u021bilor Poli\u021biei de Frontier\u0103 &#8222;Avram Iancu&#8221; Oradea &#8211; pentru candida\u021bii din jude\u021bele: Arad, Bihor, Cara\u0219-Severin, Satu Mare, Timi\u0219;<\/p>\n<p style=\"text-align: justify;\">&#8211; \u0218coala Militar\u0103 de Subofi\u021beri Jandarmi &#8222;Grigore Alexandru Ghica&#8221; Dr\u0103g\u0103\u0219ani &#8211; pentru candida\u021bii din jude\u021bele: Dolj, Gorj, Mehedin\u021bi, Olt, V\u00e2lcea;<\/p>\n<p style=\"text-align: justify;\">&#8211; \u0218coala Militar\u0103 de Subofi\u021beri Jandarmi &#8222;Petru Rare\u0219&#8221; F\u0103lticeni &#8211; pentru candida\u021bii din jude\u021bele: Bac\u0103u, Boto\u0219ani, Ia\u0219i, Neam\u021b, Suceava, Vaslui;<\/p>\n<p style=\"text-align: justify;\">&#8211; \u0218coala de Subofi\u021beri de Pompieri \u0219i Protec\u021bie Civil\u0103 &#8222;Pavel Z\u0103g\u0103nescu&#8221; Bolde\u0219ti &#8211; pentru to\u021bi candida\u021bii \u00eenscri\u0219i la aceast\u0103 \u0219coal\u0103.<\/p>\n<p style=\"text-align: justify;\">Candida\u021bii care au promovat proba de evaluare a performan\u021bei fizice vor sus\u021bine proba de evaluare a cuno\u0219tin\u021belor \u00een data de 9 octombrie 2021, iar rezultatele ob\u021binute vor fi postate pe site-ul oficial al unit\u0103\u021bilor de \u00eenv\u0103\u021b\u0103m\u00e2nt.<\/p>\n<p style=\"text-align: justify;\">Examinarea medical\u0103 se realizeaz\u0103 \u00een ordinea descresc\u0103toare a notelor finale, \u00een perioada 11 &#8211; 31 octombrie 2021.<\/p>\n<p style=\"text-align: justify;\">Rezultatele finale ale admiterii se afi\u0219eaz\u0103 la sediul unit\u0103\u021bilor de \u00eenv\u0103\u021b\u0103m\u00e2nt \u0219i se posteaz\u0103 pe site-ul oficial al acestora, p\u00e2n\u0103 la data de 3 noiembrie 2021.<\/p>\n<p style=\"text-align: justify;\">Detalii cu privire la aceast\u0103 sesiune de admitere se reg\u0103sesc pe site-ul MAI <a href=\"https:\/\/www.mai.gov.ro\/cariera\/institutii-de-invatamant-formare-profesionala\/\">https:\/\/www.mai.gov.ro\/cariera\/institutii-de-invatamant-formare-profesionala\/<\/a> , iar ulterior pe site-urile inspectoratelor generale \u0219i ale fiec\u0103rei institu\u021bii de \u00eenv\u0103\u021b\u0103m\u00e2nt:<\/p>\n<p style=\"text-align: justify;\">\u0218coala de Agen\u021bi de Poli\u021bie \u201eVasile Lasc\u0103r\u201d C\u00e2mpina, arma Poli\u021bie \u2013 <a href=\"http:\/\/www.scoalapolitie.ro\/\">http:\/\/www.scoalapolitie.ro\/<\/a><\/p>\n<p style=\"text-align: justify;\">\u0218coala de Agen\u021bi de Poli\u021bie \u201eSeptimiu Mure\u0219an\u201d Cluj-Napoca, arma Poli\u021bie \u2013 <a href=\"http:\/\/www.scoalapolcj.ro\/\">http:\/\/www.scoalapolcj.ro\/<\/a><\/p>\n<p style=\"text-align: justify;\">\u0218coala de Preg\u0103tire a Agen\u021bilor Poli\u021biei de Frontier\u0103 \u201eAvram Iancu\u201d Oradea, arma Poli\u021bie de Frontier\u0103 \u2013\u00a0 <a href=\"http:\/\/www.avramiancu.ro\/\">http:\/\/www.avramiancu.ro\/<\/a><\/p>\n<p style=\"text-align: justify;\">\u0218coala Militar\u0103 de Subofi\u021beri Jandarmi \u201eGrigore Alexandru Ghica\u201d Dr\u0103g\u0103\u0219ani, arma Jandarmerie \u2013 <a href=\"http:\/\/www.scoaladragasani.ro\/\">http:\/\/www.scoaladragasani.ro\/<\/a><\/p>\n<p style=\"text-align: justify;\">\u0218coala Militar\u0103 de Subofi\u021beri Jandarmi \u201ePetru Rare\u0219\u201d F\u0103lticeni, arma Jandarmerie \u2013 <a href=\"https:\/\/www.jandarmeriafalticeni.ro\/\">https:\/\/www.jandarmeriafalticeni.ro\/<\/a><\/p>\n<p style=\"text-align: justify;\">\u0218coala de Subofi\u021beri de Pompieri \u0219i Protec\u021bie Civil\u0103 \u201ePavel Z\u0103g\u0103nescu\u201d Bolde\u0219ti, arma Pompieri \u2013 <a href=\"http:\/\/www.scoaladepompieri.ro\/\">http:\/\/www.scoaladepompieri.ro\/<\/a> .<\/p>\n<p style=\"text-align: justify;\"><a href=\"#_ftnref1\" name=\"_ftn1\">[1]<\/a>\u00a0 &#8211; pentru Inspectoratul General al Poli\u021biei Rom\u00e2ne \u2013 la inspectoratele de poli\u021bie jude\u021bene \u0219i Direc\u021bia General\u0103 de Poli\u021bie a Municipiului Bucure\u0219ti<\/p>\n<p style=\"text-align: justify;\">\u00a0\u00a0\u00a0 &#8211; pentru Inspectoratul General al Jandarmeriei Rom\u00e2ne \u2013 la toate unit\u0103\u021bile cu structur\u0103 de resurse umane (inspectoratele jude\u021bene de jandarmi, centrele de formare, grup\u0103rile mobile, Direc\u021bia General\u0103 de Jandarmi a Municipiului Bucure\u0219ti, alte unit\u0103\u021bi cu structura de resurse umane), cu excep\u021bia \u0219colilor postliceale de la Dr\u0103g\u0103\u0219ani \u0219i F\u0103lticeni \u0219i a structurii de resurse umane din aparatul central al IGJR<\/p>\n<p style=\"text-align: justify;\">\u00a0\u00a0 &#8211; pentru Inspectoratul General al Poli\u021biei de Frontier\u0103 &#8211; inspectoratele teritoriale de poli\u021bie de frontier\u0103, serviciile teritoriale de poli\u021bie de frontier\u0103, Garda de Coasta, Baza de Repara\u021bii Navale Br\u0103ila \u0219i structura de resurse umane din aparatul central al IGPF, iar \u00een cazul candida\u021bilor care nu au domiciliul \u00eentr-un jude\u021b limitrof frontierei de stat la inspectoratele de poli\u021bie jude\u021bene din jude\u021bele \u00een care au domiciliul<\/p>\n<p style=\"text-align: justify;\">&#8211; pentru Inspectoratul General pentru Situa\u021bii de Urgen\u021b\u0103 &#8211; inspectoratele pentru situa\u021bii de urgen\u021b\u0103 jude\u021bene \u0219i ISU-BIF (Bucure\u0219ti &#8211; Ilfov)<\/p>\n<hr \/>\n<p><em>[1]\u00a0 &#8211; pentru Inspectoratul General al Poli\u021biei Rom\u00e2ne \u2013 la inspectoratele de poli\u021bie jude\u021bene \u0219i Direc\u021bia General\u0103 de Poli\u021bie a Municipiului Bucure\u0219ti<\/em><\/p>\n<p><em>\u00a0\u00a0\u00a0 &#8211; pentru Inspectoratul General al Jandarmeriei Rom\u00e2ne \u2013 la toate unit\u0103\u021bile cu structur\u0103 de resurse umane (inspectoratele jude\u021bene de jandarmi, centrele de formare, grup\u0103rile mobile, Direc\u021bia General\u0103 de Jandarmi a Municipiului Bucure\u0219ti, alte unit\u0103\u021bi cu structura de resurse umane), cu excep\u021bia \u0219colilor postliceale de la Dr\u0103g\u0103\u0219ani \u0219i F\u0103lticeni \u0219i a structurii de resurse umane din aparatul central al IGJR<\/em><\/p>\n<p><em>\u00a0\u00a0 &#8211; pentru Inspectoratul General al Poli\u021biei de Frontier\u0103 &#8211; inspectoratele teritoriale de poli\u021bie de frontier\u0103, serviciile teritoriale de poli\u021bie de frontier\u0103, Garda de Coasta, Baza de Repara\u021bii Navale Br\u0103ila \u0219i structura de resurse umane din aparatul central al IGPF, iar \u00een cazul candida\u021bilor care nu au domiciliul \u00eentr-un jude\u021b limitrof frontierei de stat la inspectoratele de poli\u021bie jude\u021bene din jude\u021bele \u00een care au domiciliul<\/em><\/p>\n<p><em>&#8211; pentru Inspectoratul General pentru Situa\u021bii de Urgen\u021b\u0103 &#8211; inspectoratele pentru situa\u021bii de urgen\u021b\u0103 jude\u021bene \u0219i ISU-BIF (Bucure\u0219ti &#8211; Ilfov)<\/em><\/p>\n","protected":false},"excerpt":{"rendered":"<p>\u00cen perioada<\/p>\n","protected":false},"author":1,"featured_media":0,"comment_status":"open","ping_status":"open","sticky":false,"template":"","format":"standard","meta":{"footnotes":""},"categories":[8],"tags":[],"class_list":["post-82737","post","type-post","status-publish","format-standard","hentry","category-alert-news"],"_links":{"self":[{"href":"https:\/\/www.giurgiuveanul.ro\/stiri\/wp-json\/wp\/v2\/posts\/82737","targetHints":{"allow":["GET"]}}],"collection":[{"href":"https:\/\/www.giurgiuveanul.ro\/stiri\/wp-json\/wp\/v2\/posts"}],"about":[{"href":"https:\/\/www.giurgiuveanul.ro\/stiri\/wp-json\/wp\/v2\/types\/post"}],"author":[{"embeddable":true,"href":"https:\/\/www.giurgiuveanul.ro\/stiri\/wp-json\/wp\/v2\/users\/1"}],"replies":[{"embeddable":true,"href":"https:\/\/www.giurgiuveanul.ro\/stiri\/wp-json\/wp\/v2\/comments?post=82737"}],"version-history":[{"count":0,"href":"https:\/\/www.giurgiuveanul.ro\/stiri\/wp-json\/wp\/v2\/posts\/82737\/revisions"}],"wp:attachment":[{"href":"https:\/\/www.giurgiuveanul.ro\/stiri\/wp-json\/wp\/v2\/media?parent=82737"}],"wp:term":[{"taxonomy":"category","embeddable":true,"href":"https:\/\/www.giurgiuveanul.ro\/stiri\/wp-json\/wp\/v2\/categories?post=82737"},{"taxonomy":"post_tag","embeddable":true,"href":"https:\/\/www.giurgiuveanul.ro\/stiri\/wp-json\/wp\/v2\/tags?post=82737"}],"curies":[{"name":"wp","href":"https:\/\/api.w.org\/{rel}","templated":true}]}}