{"id":82898,"date":"2021-09-08T17:32:31","date_gmt":"2021-09-08T14:32:31","guid":{"rendered":"https:\/\/www.giurgiuveanul.ro\/stiri\/?p=82898"},"modified":"2021-09-08T17:32:31","modified_gmt":"2021-09-08T14:32:31","slug":"promotia-1954-cu-11-clase-a-colegiului-national-ion-maiorescu-giurgiu-revedere","status":"publish","type":"post","link":"https:\/\/www.giurgiuveanul.ro\/stiri\/promotia-1954-cu-11-clase-a-colegiului-national-ion-maiorescu-giurgiu-revedere\/","title":{"rendered":"Promo\u0163ia 1954, cu 11 clase a Colegiului Na\u0163ional \u201cIon Maiorescu\u201d Giurgiu, revedere\u2026"},"content":{"rendered":"<p style=\"text-align: justify;\"><strong><u><a href=\"https:\/\/www.giurgiuveanul.ro\/stiri\/wp-content\/uploads\/2021\/09\/Maiorescu.jpg\"><img loading=\"lazy\" decoding=\"async\" class=\"aligncenter size-large wp-image-82899\" src=\"https:\/\/www.giurgiuveanul.ro\/stiri\/wp-content\/uploads\/2021\/09\/Maiorescu-560x316.jpg\" alt=\"\" width=\"560\" height=\"316\" srcset=\"https:\/\/www.giurgiuveanul.ro\/stiri\/wp-content\/uploads\/2021\/09\/Maiorescu-560x316.jpg 560w, https:\/\/www.giurgiuveanul.ro\/stiri\/wp-content\/uploads\/2021\/09\/Maiorescu-250x141.jpg 250w, https:\/\/www.giurgiuveanul.ro\/stiri\/wp-content\/uploads\/2021\/09\/Maiorescu-768x433.jpg 768w, https:\/\/www.giurgiuveanul.ro\/stiri\/wp-content\/uploads\/2021\/09\/Maiorescu-400x226.jpg 400w, https:\/\/www.giurgiuveanul.ro\/stiri\/wp-content\/uploads\/2021\/09\/Maiorescu.jpg 900w\" sizes=\"auto, (max-width: 560px) 100vw, 560px\" \/><\/a>*Dic\u0163ionar:<\/u> CRONOS<em>\u00a0<\/em>(\u00een mitologia greac\u0103), cel mai<!--more--> t\u00een\u0103r dintre Titani, personificarea timpului. Fiul lui Uranus \u0219i al Geii..<\/strong><\/p>\n<p style=\"text-align: justify;\"><strong>*CD, LICEUL <em>ION MAIORESCU<\/em> GIURGIU, 4 septembrie 2014<\/strong><\/p>\n<p style=\"text-align: justify;\"><strong>*anoTIMPURI, revist\u0103 a Promo\u0163iei 1954, cu 11 clase, a Colegiului <em>Na\u0163ional\u00a0 Ion Maiorescu<\/em> Giurgiu &#8211; LICEUL DE B\u0102IE\u0162I GIURGIU. Avem \u00eencheiat\u0103 o \u00ceN\u0162ELEGERE CU MANDATARE cu Promo\u0163ia 2016\u00a0 ca, dup\u0103\u00a0 10 ani, \u00een anul 2026, s\u0103 scoat\u0103 num\u0103rul al doilea al revisrei \u015fi s\u0103 lase, la r\u00e2ndu-i, mandat promo\u0163iei urm\u0103toare de a continua \u015ftafeta .<\/strong><\/p>\n<p style=\"text-align: justify;\"><strong>*<em>SCRISOARE c\u0103tre viitor<\/em>, PROMO\u0162IEI 2069 a Colegiului Na\u0163ional <em>ION MAIORESCU<\/em> Giurgiu, 5 septembrie 2014\u00a0 <\/strong><\/p>\n<p style=\"text-align: justify;\"><strong>*<em>Via\u0163a, a\u015fa cum a fost, <\/em>Profilul Promo\u0163iei 1954, cu 11 clase a Colegiului <em>Ion Maiorescu <\/em>Giurgiu<\/strong><\/p>\n<p style=\"text-align: justify;\">\u00cenceput de septembrie,<\/p>\n<p style=\"text-align: justify;\">Promo\u0163ia 1954, cu 11 clase, a Colegiului <em>Ion Maiorescu<\/em> Giurgiu, crescut\u0103 \u00een vremi \u015fi vremuri, v\u0103muit\u0103 de timp, dintre cei 93 c\u00e2\u0163i au absolvit, \u00a0pe nealese, ar fi trebuit s\u0103 se revad\u0103 \u015fi anul acesta, cum a f\u0103cut-o cu regulatitate p\u00e2n\u0103 anul trecut, \u00een prima zi de joi de dinaintea \u00eenceperii noului an \u015fcolar&#8230;<\/p>\n<p style=\"text-align: justify;\">A venit timpul ca, privind \u00een urm\u0103 nici cu m\u00e2nie, dar nici cu regret, \u00een amintirea minuna\u0163ilor no\u015ftri ptofesori \u00a0de la care am \u00eenv\u0103\u0163at c\u0103 suntem r\u0103spunz\u0103tori de ceea ce l\u0103s\u0103m \u00een urm\u0103, a venit timpul, zic, s\u0103 reamintim ceea ce credem noi c\u0103 r\u0103m\u00e2ne drept pild\u0103 \u015fi \u00eendemn \u00een urma noastr\u0103.<\/p>\n<p style=\"text-align: justify;\">A venit timpul s\u0103 mul\u0163umim &#8222;GIURGIUVEANULUI&#8221;,\u00a0 prestigiosul cotidian al Giurgiului, \u015fi TV Valahia.Giurgiu care, prin relat\u0103rile operative, corecte, ample \u015fi profesionist expuse, au f\u0103cut din \u00eent\u00e2lnirile noastre de promo\u0163ie\u00a0 EVENIMENT !<\/p>\n<p style=\"text-align: justify;\">A venit timpul s\u0103 mul\u0163umim, cu \u00eendatorare \u015fi ales respect conducerii liceului care ne-a g\u0103zduit totdeauna cu\u00a0 bucurie, f\u0103c\u00e2nd ca totul s\u0103 devin\u0103 s\u0103rb\u0103toare . !<\/p>\n<p style=\"text-align: justify;\">A venit timpul s\u0103 mul\u0163umim cadrelor didactice din liceu care au acceptat s\u0103 intre \u00een <em>\u00a0joc<\/em> cu noi pentru a realiza \u015fi propune un DIALOG \u00ceNTRE GENERA\u0162II. ca lec\u0163ie ce ar trebui mereu repetat\u0103.<\/p>\n<p style=\"text-align: justify;\">A venit timpul s\u0103 mul\u0163umim cu deosebire so\u0163iilor, acele fiin\u0163e dragi care, de la \u00eenceput, ne-au \u00eenso\u0163it \u015fi au f\u0103cut din bucuria noastr\u0103 propria lor bucurie \u2013<\/p>\n<p style=\"text-align: justify;\"><em>A consemnat, Prof.Gh.Cakot\u0103<\/em><\/p>\n","protected":false},"excerpt":{"rendered":"<p>*Dic\u0163ionar: CRONOS\u00a0(\u00een mitologia greac\u0103), cel mai<\/p>\n","protected":false},"author":1,"featured_media":0,"comment_status":"open","ping_status":"open","sticky":false,"template":"","format":"standard","meta":{"footnotes":""},"categories":[8],"tags":[],"class_list":["post-82898","post","type-post","status-publish","format-standard","hentry","category-alert-news"],"_links":{"self":[{"href":"https:\/\/www.giurgiuveanul.ro\/stiri\/wp-json\/wp\/v2\/posts\/82898","targetHints":{"allow":["GET"]}}],"collection":[{"href":"https:\/\/www.giurgiuveanul.ro\/stiri\/wp-json\/wp\/v2\/posts"}],"about":[{"href":"https:\/\/www.giurgiuveanul.ro\/stiri\/wp-json\/wp\/v2\/types\/post"}],"author":[{"embeddable":true,"href":"https:\/\/www.giurgiuveanul.ro\/stiri\/wp-json\/wp\/v2\/users\/1"}],"replies":[{"embeddable":true,"href":"https:\/\/www.giurgiuveanul.ro\/stiri\/wp-json\/wp\/v2\/comments?post=82898"}],"version-history":[{"count":0,"href":"https:\/\/www.giurgiuveanul.ro\/stiri\/wp-json\/wp\/v2\/posts\/82898\/revisions"}],"wp:attachment":[{"href":"https:\/\/www.giurgiuveanul.ro\/stiri\/wp-json\/wp\/v2\/media?parent=82898"}],"wp:term":[{"taxonomy":"category","embeddable":true,"href":"https:\/\/www.giurgiuveanul.ro\/stiri\/wp-json\/wp\/v2\/categories?post=82898"},{"taxonomy":"post_tag","embeddable":true,"href":"https:\/\/www.giurgiuveanul.ro\/stiri\/wp-json\/wp\/v2\/tags?post=82898"}],"curies":[{"name":"wp","href":"https:\/\/api.w.org\/{rel}","templated":true}]}}