{"id":85001,"date":"2021-12-03T19:30:07","date_gmt":"2021-12-03T17:30:07","guid":{"rendered":"https:\/\/www.giurgiuveanul.ro\/stiri\/?p=85001"},"modified":"2021-12-03T19:30:58","modified_gmt":"2021-12-03T17:30:58","slug":"astazi-e-ziua-ta-la-multi-ani-fericiti-si-impliniti-domnule-primar-constantin-carapanceanu","status":"publish","type":"post","link":"https:\/\/www.giurgiuveanul.ro\/stiri\/astazi-e-ziua-ta-la-multi-ani-fericiti-si-impliniti-domnule-primar-constantin-carapanceanu\/","title":{"rendered":"Ast\u0103zi e ziua ta: La mul\u0163i ani ferici\u0163i \u015fi \u00eemplini\u0163i, domnule primar Constantin C\u0103r\u0103p\u0103nceanu!"},"content":{"rendered":"<p style=\"text-align: justify;\"><a href=\"https:\/\/www.giurgiuveanul.ro\/stiri\/wp-content\/uploads\/2021\/12\/IMG_8542.jpg\"><img loading=\"lazy\" decoding=\"async\" class=\"aligncenter wp-image-85002\" src=\"https:\/\/www.giurgiuveanul.ro\/stiri\/wp-content\/uploads\/2021\/12\/IMG_8542-522x450.jpg\" alt=\"\" width=\"582\" height=\"501\" srcset=\"https:\/\/www.giurgiuveanul.ro\/stiri\/wp-content\/uploads\/2021\/12\/IMG_8542-522x450.jpg 522w, https:\/\/www.giurgiuveanul.ro\/stiri\/wp-content\/uploads\/2021\/12\/IMG_8542-250x216.jpg 250w, https:\/\/www.giurgiuveanul.ro\/stiri\/wp-content\/uploads\/2021\/12\/IMG_8542-768x662.jpg 768w, https:\/\/www.giurgiuveanul.ro\/stiri\/wp-content\/uploads\/2021\/12\/IMG_8542-400x345.jpg 400w, https:\/\/www.giurgiuveanul.ro\/stiri\/wp-content\/uploads\/2021\/12\/IMG_8542.jpg 800w\" sizes=\"auto, (max-width: 582px) 100vw, 582px\" \/><\/a>Ast\u0103zi, edilul \u015fef al comunei Ghimpa\u0163i, domnul Constantin C\u0103r\u0103p\u0103nceanu, aflat la<!--more--> al \u015faselea mandat, mai exact de 21 de ani conduce destinele acestei localit\u0103\u0163i, se afl\u0103 la ceas aniversar.<\/p>\n<p style=\"text-align: justify;\">Este un bun gospodar \u0219i om de onoare, un bun profesionist \u00een administra\u021bie, un model ca om \u0219i ca primar.<\/p>\n<p style=\"text-align: justify;\">V\u0103 dorim s\u0103n\u0103tate, r\u0103bdare \u015fi curaj, putere de munc\u0103 \u015fi reu\u015fit\u0103 deplin\u0103 \u00een toate proiectele pe care le ave\u0163i pentru locuitorii comunei Ghimpa\u0163i \u015fi \u00een viitor.<\/p>\n<p style=\"text-align: justify;\">S\u0103 ave\u0163i via\u021b\u0103 \u00eendelungat\u0103, plin\u0103 de realiz\u0103ri \u0219i bucurii, clipe c\u00e2t mai durabile de satisfac\u021bie \u0219i \u00een\u0103l\u021bare sufleteasc\u0103, s\u0103 ave\u021bi parte de momente frumoase tr\u0103ite \u00een deplin\u0103 armonie spiritual\u0103 al\u0103turi de cei dragi inimii.<\/p>\n<p style=\"text-align: justify;\">S\u0103 r\u0103m\u00e2ne\u0163i la fel de activ, curajos \u015fi \u00eencrez\u0103tor \u00een tot ceea ce v-a\u0163i propus s\u0103 realiza\u0163i ca primar al Ghimpa\u0163iului!<\/p>\n<p style=\"text-align: justify;\"><em>La mul\u0163i ani ferici\u0163i \u015fi \u00eemplini\u0163i, domnule primar!<\/em><\/p>\n","protected":false},"excerpt":{"rendered":"<p>Ast\u0103zi, edilul \u015fef al comunei Ghimpa\u0163i, domnul Constantin C\u0103r\u0103p\u0103nceanu, aflat la<\/p>\n","protected":false},"author":1,"featured_media":0,"comment_status":"open","ping_status":"open","sticky":false,"template":"","format":"standard","meta":{"footnotes":""},"categories":[16],"tags":[],"class_list":["post-85001","post","type-post","status-publish","format-standard","hentry","category-astazi-e-ziua-ta"],"_links":{"self":[{"href":"https:\/\/www.giurgiuveanul.ro\/stiri\/wp-json\/wp\/v2\/posts\/85001","targetHints":{"allow":["GET"]}}],"collection":[{"href":"https:\/\/www.giurgiuveanul.ro\/stiri\/wp-json\/wp\/v2\/posts"}],"about":[{"href":"https:\/\/www.giurgiuveanul.ro\/stiri\/wp-json\/wp\/v2\/types\/post"}],"author":[{"embeddable":true,"href":"https:\/\/www.giurgiuveanul.ro\/stiri\/wp-json\/wp\/v2\/users\/1"}],"replies":[{"embeddable":true,"href":"https:\/\/www.giurgiuveanul.ro\/stiri\/wp-json\/wp\/v2\/comments?post=85001"}],"version-history":[{"count":0,"href":"https:\/\/www.giurgiuveanul.ro\/stiri\/wp-json\/wp\/v2\/posts\/85001\/revisions"}],"wp:attachment":[{"href":"https:\/\/www.giurgiuveanul.ro\/stiri\/wp-json\/wp\/v2\/media?parent=85001"}],"wp:term":[{"taxonomy":"category","embeddable":true,"href":"https:\/\/www.giurgiuveanul.ro\/stiri\/wp-json\/wp\/v2\/categories?post=85001"},{"taxonomy":"post_tag","embeddable":true,"href":"https:\/\/www.giurgiuveanul.ro\/stiri\/wp-json\/wp\/v2\/tags?post=85001"}],"curies":[{"name":"wp","href":"https:\/\/api.w.org\/{rel}","templated":true}]}}