{"id":86307,"date":"2022-01-16T11:44:54","date_gmt":"2022-01-16T09:44:54","guid":{"rendered":"https:\/\/www.giurgiuveanul.ro\/stiri\/?p=86307"},"modified":"2022-01-16T12:07:59","modified_gmt":"2022-01-16T10:07:59","slug":"in-memoriam-ing-dumitru-kirita-03-06-1923-16-01-2016","status":"publish","type":"post","link":"https:\/\/www.giurgiuveanul.ro\/stiri\/in-memoriam-ing-dumitru-kirita-03-06-1923-16-01-2016\/","title":{"rendered":"IN MEMORIAM\u2026 ING. DUMITRU KIRI\u0162\u0102 (03.06.1923-16.01.2016)"},"content":{"rendered":"<p style=\"text-align: justify;\"><a href=\"https:\/\/www.giurgiuveanul.ro\/stiri\/wp-content\/uploads\/2022\/01\/thumbnail-1-2.jpg\"><img loading=\"lazy\" decoding=\"async\" class=\"aligncenter wp-image-86308\" src=\"https:\/\/www.giurgiuveanul.ro\/stiri\/wp-content\/uploads\/2022\/01\/thumbnail-1-2-526x450.jpg\" alt=\"\" width=\"575\" height=\"492\" srcset=\"https:\/\/www.giurgiuveanul.ro\/stiri\/wp-content\/uploads\/2022\/01\/thumbnail-1-2-526x450.jpg 526w, https:\/\/www.giurgiuveanul.ro\/stiri\/wp-content\/uploads\/2022\/01\/thumbnail-1-2-250x214.jpg 250w, https:\/\/www.giurgiuveanul.ro\/stiri\/wp-content\/uploads\/2022\/01\/thumbnail-1-2-768x657.jpg 768w, https:\/\/www.giurgiuveanul.ro\/stiri\/wp-content\/uploads\/2022\/01\/thumbnail-1-2-400x342.jpg 400w, https:\/\/www.giurgiuveanul.ro\/stiri\/wp-content\/uploads\/2022\/01\/thumbnail-1-2.jpg 800w\" sizes=\"auto, (max-width: 575px) 100vw, 575px\" \/><\/a>Cu profund\u0103 triste\u0163e \u015fi durere \u00een suflet,<!--more--> <strong>ing. Mirela &#8211; Anda Trifan comemoreaz\u0103 \u015fase ani de la plecarea dintre noi a iubitului ei tat\u0103<\/strong>,<strong> ING. DUMITRU KIRI\u0162\u0102,<\/strong> <em>personalitate cunoscut\u0103 pentru activitatea sa profesional\u0103 \u00een comunitate, \u00een calitate de inginer- Drector Adjunct al Fabricii de zahar Giurgiu.<\/em><\/p>\n<p style=\"text-align: justify;\">Apreciat si iubit de familie, prieteni, colegi pentru bun\u0103tatea sa, d\u0103ruire, generozitate, sufletul ales, dragostea cu care \u015fi-a ocrotit familia, model de corectitudine \u015fi ata\u015fament pentru cei \u00een mijlocul c\u0103rora a tr\u0103it, las\u0103 o amintire ne\u015ftears\u0103 \u00een inimile oamenilor care l-au cunoscut, respectat \u015fi iubit.<\/p>\n<p style=\"text-align: justify;\">Ve\u015fnic va tr\u0103i \u00een sufletele noaste &#8211; nu va fi niciodat\u0103 uitat!<\/p>\n<p style=\"text-align: justify;\">DUMNEZEU S\u0102 \u00ceL ODIHNEASC\u0102 \u00ceN PACE!<\/p>\n","protected":false},"excerpt":{"rendered":"<p>Cu profund\u0103 triste\u0163e \u015fi durere \u00een suflet,<\/p>\n","protected":false},"author":1,"featured_media":0,"comment_status":"open","ping_status":"open","sticky":false,"template":"","format":"standard","meta":{"footnotes":""},"categories":[78],"tags":[],"class_list":["post-86307","post","type-post","status-publish","format-standard","hentry","category-comemorare"],"_links":{"self":[{"href":"https:\/\/www.giurgiuveanul.ro\/stiri\/wp-json\/wp\/v2\/posts\/86307","targetHints":{"allow":["GET"]}}],"collection":[{"href":"https:\/\/www.giurgiuveanul.ro\/stiri\/wp-json\/wp\/v2\/posts"}],"about":[{"href":"https:\/\/www.giurgiuveanul.ro\/stiri\/wp-json\/wp\/v2\/types\/post"}],"author":[{"embeddable":true,"href":"https:\/\/www.giurgiuveanul.ro\/stiri\/wp-json\/wp\/v2\/users\/1"}],"replies":[{"embeddable":true,"href":"https:\/\/www.giurgiuveanul.ro\/stiri\/wp-json\/wp\/v2\/comments?post=86307"}],"version-history":[{"count":0,"href":"https:\/\/www.giurgiuveanul.ro\/stiri\/wp-json\/wp\/v2\/posts\/86307\/revisions"}],"wp:attachment":[{"href":"https:\/\/www.giurgiuveanul.ro\/stiri\/wp-json\/wp\/v2\/media?parent=86307"}],"wp:term":[{"taxonomy":"category","embeddable":true,"href":"https:\/\/www.giurgiuveanul.ro\/stiri\/wp-json\/wp\/v2\/categories?post=86307"},{"taxonomy":"post_tag","embeddable":true,"href":"https:\/\/www.giurgiuveanul.ro\/stiri\/wp-json\/wp\/v2\/tags?post=86307"}],"curies":[{"name":"wp","href":"https:\/\/api.w.org\/{rel}","templated":true}]}}