{"id":88436,"date":"2022-03-27T14:58:29","date_gmt":"2022-03-27T11:58:29","guid":{"rendered":"https:\/\/www.giurgiuveanul.ro\/stiri\/?p=88436"},"modified":"2022-03-27T14:58:29","modified_gmt":"2022-03-27T11:58:29","slug":"astazi-e-ziua-ta-la-multi-ani-domnule-primar-marian-patuleanu-2","status":"publish","type":"post","link":"https:\/\/www.giurgiuveanul.ro\/stiri\/astazi-e-ziua-ta-la-multi-ani-domnule-primar-marian-patuleanu-2\/","title":{"rendered":"Ast\u0103zi e ziua ta: La Mul\u0163i Ani, domnule primar Marian P\u0103tuleanu!"},"content":{"rendered":"<p style=\"text-align: justify;\"><a href=\"https:\/\/www.giurgiuveanul.ro\/stiri\/wp-content\/uploads\/2022\/03\/IMG_9925-2.jpg\"><img loading=\"lazy\" decoding=\"async\" class=\"aligncenter  wp-image-88437\" src=\"https:\/\/www.giurgiuveanul.ro\/stiri\/wp-content\/uploads\/2022\/03\/IMG_9925-2-420x450.jpg\" alt=\"\" width=\"580\" height=\"622\" srcset=\"https:\/\/www.giurgiuveanul.ro\/stiri\/wp-content\/uploads\/2022\/03\/IMG_9925-2-420x450.jpg 420w, https:\/\/www.giurgiuveanul.ro\/stiri\/wp-content\/uploads\/2022\/03\/IMG_9925-2-250x268.jpg 250w, https:\/\/www.giurgiuveanul.ro\/stiri\/wp-content\/uploads\/2022\/03\/IMG_9925-2-768x822.jpg 768w, https:\/\/www.giurgiuveanul.ro\/stiri\/wp-content\/uploads\/2022\/03\/IMG_9925-2-400x428.jpg 400w, https:\/\/www.giurgiuveanul.ro\/stiri\/wp-content\/uploads\/2022\/03\/IMG_9925-2.jpg 934w\" sizes=\"auto, (max-width: 580px) 100vw, 580px\" \/><\/a>Ast\u0103zi, edilul \u015fef al comunei Singureni, Marian P\u0103tuleanu,<!--more--> \u00ee\u015fi s\u0103rb\u0103tore\u015fte ziua de na\u015ftere.<\/p>\n<p style=\"text-align: justify;\">Cu aceast\u0103 ocazie, colegii din prim\u0103ria Singureni v\u0103 adreseaz\u0103 cele mai sincere felicit\u0103ri \u015fi ur\u0103ri de bine!<\/p>\n<p style=\"text-align: justify;\">V\u0103 dorim s\u0103 r\u0103m\u00e2ne\u0163i la fel de activ, curajos \u015fi \u00eencrez\u0103tor \u00een tot ceea ce v-a\u0163i propus s\u0103 realiza\u0163i, s\u0103n\u0103tate, r\u0103bdare \u015fi curaj, putere de munc\u0103 \u015fi reu\u015fit\u0103 deplin\u0103 \u00een toate proiectele pe care le ave\u0163i pentru locuitorii comunei Singureni!<\/p>\n<p style=\"text-align: justify;\">La Mul\u0163i Ani ferici\u0163i \u015fi \u00eemplini\u0163i cu realiz\u0103ri personale \u015fi profesionale, domnule primar Marian P\u0103tuleanu!<\/p>\n","protected":false},"excerpt":{"rendered":"<p>Ast\u0103zi, edilul \u015fef al comunei Singureni, Marian P\u0103tuleanu,<\/p>\n","protected":false},"author":1,"featured_media":0,"comment_status":"open","ping_status":"open","sticky":false,"template":"","format":"standard","meta":{"footnotes":""},"categories":[16],"tags":[],"class_list":["post-88436","post","type-post","status-publish","format-standard","hentry","category-astazi-e-ziua-ta"],"_links":{"self":[{"href":"https:\/\/www.giurgiuveanul.ro\/stiri\/wp-json\/wp\/v2\/posts\/88436","targetHints":{"allow":["GET"]}}],"collection":[{"href":"https:\/\/www.giurgiuveanul.ro\/stiri\/wp-json\/wp\/v2\/posts"}],"about":[{"href":"https:\/\/www.giurgiuveanul.ro\/stiri\/wp-json\/wp\/v2\/types\/post"}],"author":[{"embeddable":true,"href":"https:\/\/www.giurgiuveanul.ro\/stiri\/wp-json\/wp\/v2\/users\/1"}],"replies":[{"embeddable":true,"href":"https:\/\/www.giurgiuveanul.ro\/stiri\/wp-json\/wp\/v2\/comments?post=88436"}],"version-history":[{"count":0,"href":"https:\/\/www.giurgiuveanul.ro\/stiri\/wp-json\/wp\/v2\/posts\/88436\/revisions"}],"wp:attachment":[{"href":"https:\/\/www.giurgiuveanul.ro\/stiri\/wp-json\/wp\/v2\/media?parent=88436"}],"wp:term":[{"taxonomy":"category","embeddable":true,"href":"https:\/\/www.giurgiuveanul.ro\/stiri\/wp-json\/wp\/v2\/categories?post=88436"},{"taxonomy":"post_tag","embeddable":true,"href":"https:\/\/www.giurgiuveanul.ro\/stiri\/wp-json\/wp\/v2\/tags?post=88436"}],"curies":[{"name":"wp","href":"https:\/\/api.w.org\/{rel}","templated":true}]}}