{"id":88837,"date":"2022-04-08T12:43:56","date_gmt":"2022-04-08T09:43:56","guid":{"rendered":"https:\/\/www.giurgiuveanul.ro\/stiri\/?p=88837"},"modified":"2022-04-08T12:55:00","modified_gmt":"2022-04-08T09:55:00","slug":"ipj-giurgiu-informatii-despre-accidentul-rutier-de-la-pasarela-foto","status":"publish","type":"post","link":"https:\/\/www.giurgiuveanul.ro\/stiri\/ipj-giurgiu-informatii-despre-accidentul-rutier-de-la-pasarela-foto\/","title":{"rendered":"IPJ Giurgiu, informa\u0163ii despre ACCIDENTUL RUTIER de la Pasarel\u0103 (FOTO)"},"content":{"rendered":"<p style=\"text-align: justify;\"><strong><a href=\"https:\/\/www.giurgiuveanul.ro\/stiri\/wp-content\/uploads\/2022\/04\/WhatsApp-Image-2022-04-08-at-11.41.24.jpeg\"><img loading=\"lazy\" decoding=\"async\" class=\"aligncenter wp-image-88838\" src=\"https:\/\/www.giurgiuveanul.ro\/stiri\/wp-content\/uploads\/2022\/04\/WhatsApp-Image-2022-04-08-at-11.41.24-560x397.jpeg\" alt=\"\" width=\"588\" height=\"417\" srcset=\"https:\/\/www.giurgiuveanul.ro\/stiri\/wp-content\/uploads\/2022\/04\/WhatsApp-Image-2022-04-08-at-11.41.24-560x397.jpeg 560w, https:\/\/www.giurgiuveanul.ro\/stiri\/wp-content\/uploads\/2022\/04\/WhatsApp-Image-2022-04-08-at-11.41.24-250x177.jpeg 250w, https:\/\/www.giurgiuveanul.ro\/stiri\/wp-content\/uploads\/2022\/04\/WhatsApp-Image-2022-04-08-at-11.41.24-768x545.jpeg 768w, https:\/\/www.giurgiuveanul.ro\/stiri\/wp-content\/uploads\/2022\/04\/WhatsApp-Image-2022-04-08-at-11.41.24-400x284.jpeg 400w, https:\/\/www.giurgiuveanul.ro\/stiri\/wp-content\/uploads\/2022\/04\/WhatsApp-Image-2022-04-08-at-11.41.24.jpeg 1392w\" sizes=\"auto, (max-width: 588px) 100vw, 588px\" \/><\/a>Ast\u0103zi, 8 aprilie a.c., la ora 11:17, Poli\u021bia Municipiului Giurgiu<!--more--> a fost sesizat\u0103 de c\u0103tre o femeie cu privire la faptul c\u0103 pe \u0218oseaua Bucure\u0219ti din municipiul Giurgiu a avut loc un eveniment rutier, \u00een care a fost implicat un autoturism.<\/strong><\/p>\n<p style=\"text-align: justify;\">\u00cenc\u0103 urma evenimentului rutier, a rezultat r\u0103nirea unei femei, de 78 ani, care era angajat\u0103 \u00een traversarea str\u0103zii.<\/p>\n<p style=\"text-align: justify;\">Aceasta a fost transportat\u0103 la spital pentru acordarea de \u00eengrijiri medicale.<\/p>\n<p style=\"text-align: justify;\">Conduc\u0103torul auto, o femeie de 45 de ani, din municipiul Giurgiu a fost testat\u0103 cu aparatul Drager, care a indicat valoarea 0.<\/p>\n<p style=\"text-align: justify;\">\u00cen cauz\u0103, se efectueaz\u0103 cercet\u0103ri sub aspectul s\u0103v\u00e2r\u0219irii infrac\u021biunii de v\u0103t\u0103mare corporal\u0103 din culp\u0103, a declarat, pentru &#8222;Giurgiuveanul&#8221;, <strong>agent de poli\u0163ie Corina Cioplea<\/strong>, purt\u0103tor de cuv\u00e2nt al IPJ Giurgiu.<\/p>\n","protected":false},"excerpt":{"rendered":"<p>Ast\u0103zi, 8 aprilie a.c., la ora 11:17, Poli\u021bia Municipiului Giurgiu<\/p>\n","protected":false},"author":1,"featured_media":0,"comment_status":"open","ping_status":"open","sticky":false,"template":"","format":"standard","meta":{"footnotes":""},"categories":[6],"tags":[],"class_list":["post-88837","post","type-post","status-publish","format-standard","hentry","category-breaking-news"],"_links":{"self":[{"href":"https:\/\/www.giurgiuveanul.ro\/stiri\/wp-json\/wp\/v2\/posts\/88837","targetHints":{"allow":["GET"]}}],"collection":[{"href":"https:\/\/www.giurgiuveanul.ro\/stiri\/wp-json\/wp\/v2\/posts"}],"about":[{"href":"https:\/\/www.giurgiuveanul.ro\/stiri\/wp-json\/wp\/v2\/types\/post"}],"author":[{"embeddable":true,"href":"https:\/\/www.giurgiuveanul.ro\/stiri\/wp-json\/wp\/v2\/users\/1"}],"replies":[{"embeddable":true,"href":"https:\/\/www.giurgiuveanul.ro\/stiri\/wp-json\/wp\/v2\/comments?post=88837"}],"version-history":[{"count":0,"href":"https:\/\/www.giurgiuveanul.ro\/stiri\/wp-json\/wp\/v2\/posts\/88837\/revisions"}],"wp:attachment":[{"href":"https:\/\/www.giurgiuveanul.ro\/stiri\/wp-json\/wp\/v2\/media?parent=88837"}],"wp:term":[{"taxonomy":"category","embeddable":true,"href":"https:\/\/www.giurgiuveanul.ro\/stiri\/wp-json\/wp\/v2\/categories?post=88837"},{"taxonomy":"post_tag","embeddable":true,"href":"https:\/\/www.giurgiuveanul.ro\/stiri\/wp-json\/wp\/v2\/tags?post=88837"}],"curies":[{"name":"wp","href":"https:\/\/api.w.org\/{rel}","templated":true}]}}