{"id":9012,"date":"2013-11-03T14:40:20","date_gmt":"2013-11-03T12:40:20","guid":{"rendered":"https:\/\/www.giurgiuveanul.ro\/stiri\/?p=9012"},"modified":"2013-11-03T14:40:20","modified_gmt":"2013-11-03T12:40:20","slug":"la-multi-ani-domnule-primar-mihai-dobre-2","status":"publish","type":"post","link":"https:\/\/www.giurgiuveanul.ro\/stiri\/la-multi-ani-domnule-primar-mihai-dobre-2\/","title":{"rendered":"La mul\u0163i ani, domnule primar Mihai Dobre!"},"content":{"rendered":"<p><a href=\"https:\/\/www.giurgiuveanul.ro\/stiri\/wp-content\/uploads\/2013\/11\/Mihai-Dobre.jpg\"><img loading=\"lazy\" decoding=\"async\" class=\"aligncenter size-full wp-image-9013\" alt=\"Mihai Dobre\" src=\"https:\/\/www.giurgiuveanul.ro\/stiri\/wp-content\/uploads\/2013\/11\/Mihai-Dobre.jpg\" width=\"472\" height=\"300\" srcset=\"https:\/\/www.giurgiuveanul.ro\/stiri\/wp-content\/uploads\/2013\/11\/Mihai-Dobre.jpg 472w, https:\/\/www.giurgiuveanul.ro\/stiri\/wp-content\/uploads\/2013\/11\/Mihai-Dobre-250x158.jpg 250w, https:\/\/www.giurgiuveanul.ro\/stiri\/wp-content\/uploads\/2013\/11\/Mihai-Dobre-400x254.jpg 400w\" sizes=\"auto, (max-width: 472px) 100vw, 472px\" \/><\/a>\u00cen aceast\u0103 frumoas\u0103 zi, primarul or\u0103\u015felului giurgiuvean Mih\u0103ile\u015fti \u00eempline\u015fte o frumoas\u0103 v\u00e2rst\u0103. \u00a0Via\u0163a s\u0103 v\u0103 fie mereu str\u0103lucitoare, precum ziua de ast\u0103zi, iar razele ei s\u0103 \u00eencununeze frumoasele realz\u0103ri ale or\u0103\u015felului c\u0103ruia<!--more--> \u00eei conduce\u0163i destinele, \u00a0s\u0103 v\u0103 aduc\u0103 noi speran\u0163e \u015fi pace \u00een suflet, ging\u0103\u015fie \u015fi dragoste, s\u0103n\u0103tate \u015fi multe \u00eempliniri. S\u0103 fi\u0163i mereu prietenul mih\u0103ile\u015ftenilor care au \u00eencredere \u00een capacitatea dvs. de manager de succes \u00een cel mai mic ora\u015f giurgiuvean.<\/p>\n<p>Prietenii v\u0103 doresc mult\u0103 fericire \u015fi succes, s\u0103n\u0103tate \u015fi for\u0163\u0103 \u00een via\u0163\u0103.<\/p>\n<p>Redac\u0163ia GIURGIUVEANUL v\u0103 ureaz\u0103 <i>\u201cLa mul\u0163i ani \u015fi multe mandate \u00een continuare!\u201d<\/i><\/p>\n","protected":false},"excerpt":{"rendered":"<p>\u00cen aceast\u0103 frumoas\u0103 zi, primarul or\u0103\u015felului giurgiuvean Mih\u0103ile\u015fti \u00eempline\u015fte o frumoas\u0103 v\u00e2rst\u0103. \u00a0Via\u0163a s\u0103 v\u0103 fie mereu str\u0103lucitoare, precum ziua de ast\u0103zi, iar razele ei s\u0103 \u00eencununeze frumoasele realz\u0103ri ale or\u0103\u015felului c\u0103ruia<\/p>\n","protected":false},"author":2,"featured_media":0,"comment_status":"open","ping_status":"open","sticky":false,"template":"","format":"standard","meta":{"footnotes":""},"categories":[16],"tags":[],"class_list":["post-9012","post","type-post","status-publish","format-standard","hentry","category-astazi-e-ziua-ta"],"_links":{"self":[{"href":"https:\/\/www.giurgiuveanul.ro\/stiri\/wp-json\/wp\/v2\/posts\/9012","targetHints":{"allow":["GET"]}}],"collection":[{"href":"https:\/\/www.giurgiuveanul.ro\/stiri\/wp-json\/wp\/v2\/posts"}],"about":[{"href":"https:\/\/www.giurgiuveanul.ro\/stiri\/wp-json\/wp\/v2\/types\/post"}],"author":[{"embeddable":true,"href":"https:\/\/www.giurgiuveanul.ro\/stiri\/wp-json\/wp\/v2\/users\/2"}],"replies":[{"embeddable":true,"href":"https:\/\/www.giurgiuveanul.ro\/stiri\/wp-json\/wp\/v2\/comments?post=9012"}],"version-history":[{"count":0,"href":"https:\/\/www.giurgiuveanul.ro\/stiri\/wp-json\/wp\/v2\/posts\/9012\/revisions"}],"wp:attachment":[{"href":"https:\/\/www.giurgiuveanul.ro\/stiri\/wp-json\/wp\/v2\/media?parent=9012"}],"wp:term":[{"taxonomy":"category","embeddable":true,"href":"https:\/\/www.giurgiuveanul.ro\/stiri\/wp-json\/wp\/v2\/categories?post=9012"},{"taxonomy":"post_tag","embeddable":true,"href":"https:\/\/www.giurgiuveanul.ro\/stiri\/wp-json\/wp\/v2\/tags?post=9012"}],"curies":[{"name":"wp","href":"https:\/\/api.w.org\/{rel}","templated":true}]}}