{"id":909,"date":"2012-12-03T19:31:26","date_gmt":"2012-12-03T17:31:26","guid":{"rendered":"https:\/\/www.giurgiuveanul.ro\/stiri\/?p=909"},"modified":"2012-12-03T19:31:26","modified_gmt":"2012-12-03T17:31:26","slug":"la-multi-ani-domnule-primar-constantin-carapanceanu","status":"publish","type":"post","link":"https:\/\/www.giurgiuveanul.ro\/stiri\/la-multi-ani-domnule-primar-constantin-carapanceanu\/","title":{"rendered":"La mul\u0163i ani, domnule primar Constantin C\u0103r\u0103p\u0103nceanu!"},"content":{"rendered":"<p style=\"text-align: justify;\"><a href=\"https:\/\/www.giurgiuveanul.ro\/stiri\/wp-content\/uploads\/2012\/12\/LA-MULTI-ANI-CARAPANCEANU.jpg\"><img loading=\"lazy\" decoding=\"async\" class=\"aligncenter size-large wp-image-910\" title=\"LA MULTI ANI CARAPANCEANU\" src=\"https:\/\/www.giurgiuveanul.ro\/stiri\/wp-content\/uploads\/2012\/12\/LA-MULTI-ANI-CARAPANCEANU-560x330.jpg\" alt=\"\" width=\"560\" height=\"330\" srcset=\"https:\/\/www.giurgiuveanul.ro\/stiri\/wp-content\/uploads\/2012\/12\/LA-MULTI-ANI-CARAPANCEANU-560x330.jpg 560w, https:\/\/www.giurgiuveanul.ro\/stiri\/wp-content\/uploads\/2012\/12\/LA-MULTI-ANI-CARAPANCEANU-250x147.jpg 250w, https:\/\/www.giurgiuveanul.ro\/stiri\/wp-content\/uploads\/2012\/12\/LA-MULTI-ANI-CARAPANCEANU.jpg 800w\" sizes=\"auto, (max-width: 560px) 100vw, 560px\" \/><\/a><\/p>\n<p style=\"text-align: justify;\">Este un om special pentru locuitorii din comuna Ghimpa\u0163i, dar nu numai pentru ei, a\u015fa c\u0103, acum, la ceas aniversar, merit\u0103 din plin cele mai alese g\u00e2nduri din partea tuturor. \u015ei pentru c\u0103 ziua de na\u015ftere a oric\u0103rei persoane reprezint\u0103 prilej de bucurie pentru familie, prieteni, apropia\u0163i, ast\u0103zi este r\u00e2ndul primarului de Ghimpa\u0163i s\u0103 primeasc\u0103<!--more--> cele mai frumoase ur\u0103ri de bine, s\u0103n\u0103tate \u015fi foarte multe bucurii al\u0103turi de to\u0163i cei dragi.<\/p>\n<p style=\"text-align: justify;\">\u00cei ur\u0103m primarului Constantin C\u0103r\u0103p\u0103nceanu s\u0103 aib\u0103 parte de putere de munc\u0103, s\u0103 fie s\u0103n\u0103tos \u015fi mul\u0163i ani foarte, foarte ferici\u0163i! La mul\u0163i ani!<\/p>\n","protected":false},"excerpt":{"rendered":"<p>Este un om special pentru locuitorii din comuna Ghimpa\u0163i, dar nu numai pentru ei, a\u015fa c\u0103, acum, la ceas aniversar, merit\u0103 din plin cele mai alese g\u00e2nduri din partea tuturor. \u015ei pentru c\u0103 ziua de na\u015ftere a oric\u0103rei persoane reprezint\u0103 prilej de bucurie pentru familie, prieteni, apropia\u0163i, ast\u0103zi este r\u00e2ndul primarului de Ghimpa\u0163i s\u0103 primeasc\u0103<\/p>\n","protected":false},"author":2,"featured_media":0,"comment_status":"closed","ping_status":"open","sticky":false,"template":"","format":"standard","meta":{"footnotes":""},"categories":[16],"tags":[],"class_list":["post-909","post","type-post","status-publish","format-standard","hentry","category-astazi-e-ziua-ta"],"_links":{"self":[{"href":"https:\/\/www.giurgiuveanul.ro\/stiri\/wp-json\/wp\/v2\/posts\/909","targetHints":{"allow":["GET"]}}],"collection":[{"href":"https:\/\/www.giurgiuveanul.ro\/stiri\/wp-json\/wp\/v2\/posts"}],"about":[{"href":"https:\/\/www.giurgiuveanul.ro\/stiri\/wp-json\/wp\/v2\/types\/post"}],"author":[{"embeddable":true,"href":"https:\/\/www.giurgiuveanul.ro\/stiri\/wp-json\/wp\/v2\/users\/2"}],"replies":[{"embeddable":true,"href":"https:\/\/www.giurgiuveanul.ro\/stiri\/wp-json\/wp\/v2\/comments?post=909"}],"version-history":[{"count":0,"href":"https:\/\/www.giurgiuveanul.ro\/stiri\/wp-json\/wp\/v2\/posts\/909\/revisions"}],"wp:attachment":[{"href":"https:\/\/www.giurgiuveanul.ro\/stiri\/wp-json\/wp\/v2\/media?parent=909"}],"wp:term":[{"taxonomy":"category","embeddable":true,"href":"https:\/\/www.giurgiuveanul.ro\/stiri\/wp-json\/wp\/v2\/categories?post=909"},{"taxonomy":"post_tag","embeddable":true,"href":"https:\/\/www.giurgiuveanul.ro\/stiri\/wp-json\/wp\/v2\/tags?post=909"}],"curies":[{"name":"wp","href":"https:\/\/api.w.org\/{rel}","templated":true}]}}