{"id":91105,"date":"2022-06-28T17:27:10","date_gmt":"2022-06-28T14:27:10","guid":{"rendered":"https:\/\/www.giurgiuveanul.ro\/stiri\/?p=91105"},"modified":"2022-06-28T17:27:10","modified_gmt":"2022-06-28T14:27:10","slug":"astazi-e-ziua-ta-la-multi-ani-domnule-primar-florin-nidelea-2","status":"publish","type":"post","link":"https:\/\/www.giurgiuveanul.ro\/stiri\/astazi-e-ziua-ta-la-multi-ani-domnule-primar-florin-nidelea-2\/","title":{"rendered":"Ast\u0103zi e ziua ta: La Mul\u0163i Ani, domnule primar Florin Nidelea!"},"content":{"rendered":"<p style=\"text-align: justify;\"><a href=\"https:\/\/www.giurgiuveanul.ro\/stiri\/wp-content\/uploads\/2022\/06\/Florin-Nidelea.jpg\"><img loading=\"lazy\" decoding=\"async\" class=\"aligncenter  wp-image-91106\" src=\"https:\/\/www.giurgiuveanul.ro\/stiri\/wp-content\/uploads\/2022\/06\/Florin-Nidelea-560x437.jpg\" alt=\"\" width=\"574\" height=\"448\" srcset=\"https:\/\/www.giurgiuveanul.ro\/stiri\/wp-content\/uploads\/2022\/06\/Florin-Nidelea-560x437.jpg 560w, https:\/\/www.giurgiuveanul.ro\/stiri\/wp-content\/uploads\/2022\/06\/Florin-Nidelea-250x195.jpg 250w, https:\/\/www.giurgiuveanul.ro\/stiri\/wp-content\/uploads\/2022\/06\/Florin-Nidelea-768x600.jpg 768w, https:\/\/www.giurgiuveanul.ro\/stiri\/wp-content\/uploads\/2022\/06\/Florin-Nidelea-400x312.jpg 400w, https:\/\/www.giurgiuveanul.ro\/stiri\/wp-content\/uploads\/2022\/06\/Florin-Nidelea.jpg 900w\" sizes=\"auto, (max-width: 574px) 100vw, 574px\" \/><\/a>Ast\u0103zi, primarul comunei Clejani, Florin Nidelea,<!--more--> se afl\u0103 la ceas aniversar. Cu aceast\u0103 ocazie, \u00eei adres\u0103m cele mai sincere felicit\u0103ri \u015fi ur\u0103ri de bine!<\/p>\n<p style=\"text-align: justify;\">\u00cei dorim, domnului primar, s\u0103n\u0103tate, r\u0103bdare \u015fi curaj, putere de munc\u0103 \u015fi reu\u015fit\u0103 deplin\u0103 \u00een toate proiectele pe care le are pentru locuitorii localit\u0103\u0163ii Clejani.<\/p>\n<p style=\"text-align: justify;\"><em><strong>La Mul\u0163i Ani ferici\u0163i \u015fi \u00eemplini\u0163i, cu realiz\u0103ri personale \u015fi profesionale, domnule primar Florin Nidelea!<\/strong><\/em><\/p>\n","protected":false},"excerpt":{"rendered":"<p>Ast\u0103zi, primarul comunei Clejani, Florin Nidelea,<\/p>\n","protected":false},"author":1,"featured_media":0,"comment_status":"open","ping_status":"open","sticky":false,"template":"","format":"standard","meta":{"footnotes":""},"categories":[16],"tags":[],"class_list":["post-91105","post","type-post","status-publish","format-standard","hentry","category-astazi-e-ziua-ta"],"_links":{"self":[{"href":"https:\/\/www.giurgiuveanul.ro\/stiri\/wp-json\/wp\/v2\/posts\/91105","targetHints":{"allow":["GET"]}}],"collection":[{"href":"https:\/\/www.giurgiuveanul.ro\/stiri\/wp-json\/wp\/v2\/posts"}],"about":[{"href":"https:\/\/www.giurgiuveanul.ro\/stiri\/wp-json\/wp\/v2\/types\/post"}],"author":[{"embeddable":true,"href":"https:\/\/www.giurgiuveanul.ro\/stiri\/wp-json\/wp\/v2\/users\/1"}],"replies":[{"embeddable":true,"href":"https:\/\/www.giurgiuveanul.ro\/stiri\/wp-json\/wp\/v2\/comments?post=91105"}],"version-history":[{"count":0,"href":"https:\/\/www.giurgiuveanul.ro\/stiri\/wp-json\/wp\/v2\/posts\/91105\/revisions"}],"wp:attachment":[{"href":"https:\/\/www.giurgiuveanul.ro\/stiri\/wp-json\/wp\/v2\/media?parent=91105"}],"wp:term":[{"taxonomy":"category","embeddable":true,"href":"https:\/\/www.giurgiuveanul.ro\/stiri\/wp-json\/wp\/v2\/categories?post=91105"},{"taxonomy":"post_tag","embeddable":true,"href":"https:\/\/www.giurgiuveanul.ro\/stiri\/wp-json\/wp\/v2\/tags?post=91105"}],"curies":[{"name":"wp","href":"https:\/\/api.w.org\/{rel}","templated":true}]}}