{"id":9139,"date":"2013-11-08T16:58:13","date_gmt":"2013-11-08T14:58:13","guid":{"rendered":"https:\/\/www.giurgiuveanul.ro\/stiri\/?p=9139"},"modified":"2013-11-08T16:58:13","modified_gmt":"2013-11-08T14:58:13","slug":"la-multi-ani-gabriela-preda","status":"publish","type":"post","link":"https:\/\/www.giurgiuveanul.ro\/stiri\/la-multi-ani-gabriela-preda\/","title":{"rendered":"La Mul\u0163i Ani, Gabriela Preda!"},"content":{"rendered":"<p style=\"text-align: justify;\"><a href=\"https:\/\/www.giurgiuveanul.ro\/stiri\/wp-content\/uploads\/2013\/11\/Gabriela-Preda.jpg\"><img loading=\"lazy\" decoding=\"async\" class=\"aligncenter size-large wp-image-9140\" alt=\"Gabriela Preda\" src=\"https:\/\/www.giurgiuveanul.ro\/stiri\/wp-content\/uploads\/2013\/11\/Gabriela-Preda-560x373.jpg\" width=\"560\" height=\"373\" srcset=\"https:\/\/www.giurgiuveanul.ro\/stiri\/wp-content\/uploads\/2013\/11\/Gabriela-Preda-560x373.jpg 560w, https:\/\/www.giurgiuveanul.ro\/stiri\/wp-content\/uploads\/2013\/11\/Gabriela-Preda-250x166.jpg 250w, https:\/\/www.giurgiuveanul.ro\/stiri\/wp-content\/uploads\/2013\/11\/Gabriela-Preda-400x266.jpg 400w, https:\/\/www.giurgiuveanul.ro\/stiri\/wp-content\/uploads\/2013\/11\/Gabriela-Preda.jpg 800w\" sizes=\"auto, (max-width: 560px) 100vw, 560px\" \/><\/a>Arhanghelul Gavriil, \u00eenger al bunei vestiri, s\u0103 \u00ee\u0163i c\u0103l\u0103uzeasc\u0103 pa\u015fii \u015fi s\u0103 ai parte de o zi la fel de frumoas\u0103 ca tine!<!--more--><\/p>\n<p style=\"text-align: justify;\">\u201eLa multi ani!&#8221; \u00ee\u0163i ureaz\u0103 p\u0103rin\u0163ii&#8230;!<\/p>\n","protected":false},"excerpt":{"rendered":"<p>Arhanghelul Gavriil, \u00eenger al bunei vestiri, s\u0103 \u00ee\u0163i c\u0103l\u0103uzeasc\u0103 pa\u015fii \u015fi s\u0103 ai parte de o zi la fel de frumoas\u0103 ca tine!<\/p>\n","protected":false},"author":2,"featured_media":0,"comment_status":"open","ping_status":"open","sticky":false,"template":"","format":"standard","meta":{"footnotes":""},"categories":[16],"tags":[],"class_list":["post-9139","post","type-post","status-publish","format-standard","hentry","category-astazi-e-ziua-ta"],"_links":{"self":[{"href":"https:\/\/www.giurgiuveanul.ro\/stiri\/wp-json\/wp\/v2\/posts\/9139","targetHints":{"allow":["GET"]}}],"collection":[{"href":"https:\/\/www.giurgiuveanul.ro\/stiri\/wp-json\/wp\/v2\/posts"}],"about":[{"href":"https:\/\/www.giurgiuveanul.ro\/stiri\/wp-json\/wp\/v2\/types\/post"}],"author":[{"embeddable":true,"href":"https:\/\/www.giurgiuveanul.ro\/stiri\/wp-json\/wp\/v2\/users\/2"}],"replies":[{"embeddable":true,"href":"https:\/\/www.giurgiuveanul.ro\/stiri\/wp-json\/wp\/v2\/comments?post=9139"}],"version-history":[{"count":0,"href":"https:\/\/www.giurgiuveanul.ro\/stiri\/wp-json\/wp\/v2\/posts\/9139\/revisions"}],"wp:attachment":[{"href":"https:\/\/www.giurgiuveanul.ro\/stiri\/wp-json\/wp\/v2\/media?parent=9139"}],"wp:term":[{"taxonomy":"category","embeddable":true,"href":"https:\/\/www.giurgiuveanul.ro\/stiri\/wp-json\/wp\/v2\/categories?post=9139"},{"taxonomy":"post_tag","embeddable":true,"href":"https:\/\/www.giurgiuveanul.ro\/stiri\/wp-json\/wp\/v2\/tags?post=9139"}],"curies":[{"name":"wp","href":"https:\/\/api.w.org\/{rel}","templated":true}]}}