{"id":91972,"date":"2022-08-20T10:14:55","date_gmt":"2022-08-20T07:14:55","guid":{"rendered":"https:\/\/www.giurgiuveanul.ro\/stiri\/?p=91972"},"modified":"2022-08-21T14:18:32","modified_gmt":"2022-08-21T11:18:32","slug":"astazi-e-ziua-ta-la-multi-ani-domnule-primar-adrian-anghelescu","status":"publish","type":"post","link":"https:\/\/www.giurgiuveanul.ro\/stiri\/astazi-e-ziua-ta-la-multi-ani-domnule-primar-adrian-anghelescu\/","title":{"rendered":"Ast\u0103zi e ziua ta: La Mul\u0163i Ani, domnule primar Adrian Anghelescu!"},"content":{"rendered":"<p style=\"text-align: justify;\"><a href=\"https:\/\/www.giurgiuveanul.ro\/stiri\/wp-content\/uploads\/2022\/08\/300566937_1977845662415456_1281672364386313438_n.jpg\"><img loading=\"lazy\" decoding=\"async\" class=\"aligncenter wp-image-91973\" src=\"https:\/\/www.giurgiuveanul.ro\/stiri\/wp-content\/uploads\/2022\/08\/300566937_1977845662415456_1281672364386313438_n-388x450.jpg\" alt=\"\" width=\"577\" height=\"669\" srcset=\"https:\/\/www.giurgiuveanul.ro\/stiri\/wp-content\/uploads\/2022\/08\/300566937_1977845662415456_1281672364386313438_n-388x450.jpg 388w, https:\/\/www.giurgiuveanul.ro\/stiri\/wp-content\/uploads\/2022\/08\/300566937_1977845662415456_1281672364386313438_n-250x290.jpg 250w, https:\/\/www.giurgiuveanul.ro\/stiri\/wp-content\/uploads\/2022\/08\/300566937_1977845662415456_1281672364386313438_n-768x891.jpg 768w, https:\/\/www.giurgiuveanul.ro\/stiri\/wp-content\/uploads\/2022\/08\/300566937_1977845662415456_1281672364386313438_n-1325x1536.jpg 1325w, https:\/\/www.giurgiuveanul.ro\/stiri\/wp-content\/uploads\/2022\/08\/300566937_1977845662415456_1281672364386313438_n-400x464.jpg 400w, https:\/\/www.giurgiuveanul.ro\/stiri\/wp-content\/uploads\/2022\/08\/300566937_1977845662415456_1281672364386313438_n.jpg 1766w\" sizes=\"auto, (max-width: 577px) 100vw, 577px\" \/><\/a>Primarul municipiului Giurgiu, domnul Adrian Valentin Anghelescu, a \u00eemplinit<!--more--> 55 de ani. Ne al\u0103tur\u0103m \u0219i noi celor care i-au urat \u015fi \u00eei ureaz\u0103 &#8222;La mul\u021bi ani&#8221;, cu s\u0103n\u0103tate \u0219i fericire, dorindu-i numai bine, mul\u021bi ani frumo\u0219i cu \u00eempliniri, ambi\u021bie \u0219i determinare de a face Giurgiu un ora\u0219 la standarde europene.<\/p>\n<p style=\"text-align: justify;\">\u00cei ur\u0103m primarului nostru s\u0103 aib\u0103 parte de cele mai minunate bucurii, putere de munc\u0103, s\u0103 fie s\u0103n\u0103tos \u015fi mul\u0163i ani foarte, foarte ferici\u0163i, al\u0103turi de cei dragi!<\/p>\n<p style=\"text-align: justify;\"><strong><em>La Mul\u0163i Ani, domnule primar Adrian Anghelescu!<\/em><\/strong><\/p>\n","protected":false},"excerpt":{"rendered":"<p>Primarul municipiului Giurgiu, domnul Adrian Valentin Anghelescu, a \u00eemplinit<\/p>\n","protected":false},"author":1,"featured_media":0,"comment_status":"open","ping_status":"open","sticky":false,"template":"","format":"standard","meta":{"footnotes":""},"categories":[16],"tags":[],"class_list":["post-91972","post","type-post","status-publish","format-standard","hentry","category-astazi-e-ziua-ta"],"_links":{"self":[{"href":"https:\/\/www.giurgiuveanul.ro\/stiri\/wp-json\/wp\/v2\/posts\/91972","targetHints":{"allow":["GET"]}}],"collection":[{"href":"https:\/\/www.giurgiuveanul.ro\/stiri\/wp-json\/wp\/v2\/posts"}],"about":[{"href":"https:\/\/www.giurgiuveanul.ro\/stiri\/wp-json\/wp\/v2\/types\/post"}],"author":[{"embeddable":true,"href":"https:\/\/www.giurgiuveanul.ro\/stiri\/wp-json\/wp\/v2\/users\/1"}],"replies":[{"embeddable":true,"href":"https:\/\/www.giurgiuveanul.ro\/stiri\/wp-json\/wp\/v2\/comments?post=91972"}],"version-history":[{"count":0,"href":"https:\/\/www.giurgiuveanul.ro\/stiri\/wp-json\/wp\/v2\/posts\/91972\/revisions"}],"wp:attachment":[{"href":"https:\/\/www.giurgiuveanul.ro\/stiri\/wp-json\/wp\/v2\/media?parent=91972"}],"wp:term":[{"taxonomy":"category","embeddable":true,"href":"https:\/\/www.giurgiuveanul.ro\/stiri\/wp-json\/wp\/v2\/categories?post=91972"},{"taxonomy":"post_tag","embeddable":true,"href":"https:\/\/www.giurgiuveanul.ro\/stiri\/wp-json\/wp\/v2\/tags?post=91972"}],"curies":[{"name":"wp","href":"https:\/\/api.w.org\/{rel}","templated":true}]}}