{"id":9204,"date":"2013-11-10T20:09:59","date_gmt":"2013-11-10T18:09:59","guid":{"rendered":"https:\/\/www.giurgiuveanul.ro\/stiri\/?p=9204"},"modified":"2013-11-11T09:21:28","modified_gmt":"2013-11-11T07:21:28","slug":"noua-editie-de-nota-10-zilei-orasului-mihailesti-video","status":"publish","type":"post","link":"https:\/\/www.giurgiuveanul.ro\/stiri\/noua-editie-de-nota-10-zilei-orasului-mihailesti-video\/","title":{"rendered":"O nou\u0103 edi\u0163ie, de nota 10, a Zilei Ora\u015fului Mih\u0103ile\u015fti! (VIDEO)"},"content":{"rendered":"<p><object width=\"580\" height=\"326\" classid=\"clsid:d27cdb6e-ae6d-11cf-96b8-444553540000\" codebase=\"http:\/\/download.macromedia.com\/pub\/shockwave\/cabs\/flash\/swflash.cab#version=6,0,40,0\"><param name=\"allowFullScreen\" value=\"true\" \/><param name=\"allowscriptaccess\" value=\"always\" \/><param name=\"src\" value=\"\/\/www.youtube.com\/v\/i9R8Z9WSh1M?version=3&amp;hl=ro_RO&amp;rel=0\" \/><param name=\"allowfullscreen\" value=\"true\" \/><embed width=\"580\" height=\"326\" type=\"application\/x-shockwave-flash\" src=\"\/\/www.youtube.com\/v\/i9R8Z9WSh1M?version=3&amp;hl=ro_RO&amp;rel=0\" allowFullScreen=\"true\" allowscriptaccess=\"always\" allowfullscreen=\"true\" \/><\/object><\/p>\n<p>Duminic\u0103, 10 noiembrie 2013, o zi frumoasa \u015fi \u00eensorit\u0103, ora\u015ful Mih\u0103ile\u015fti a \u00eembr\u0103cat straie de s\u0103rb\u0103toare, locuitorii particip\u00e2nd cu mic cu mare la o nou\u0103 edi\u0163ie a Zilei Ora\u015fului. Desf\u0103\u015furat\u0103 \u00eentr-un frumos cadru natural, plin de verdea\u0163\u0103, pe terenul de fotbal, manifestarea a reunit c\u00e2teva mii de participan\u0163i, copii, tineri \u015fi v\u00e2rstnici, din localitate dar \u015fi din<!--more--> localit\u0103\u0163ile apropiate, to\u0163i dornici s\u0103 se distreze, s\u0103 urm\u0103reasc\u0103 programul artistic sau s\u0103 se bucure de berea rece \u015fi micii gusto\u015fi ce sf\u00e2r\u00e2iau pe gratar, oferite gratuit. Participan\u0163ii, obi\u015fnui\u0163i deja cu s\u0103rb\u0103toarea ora\u015fului, au inundat, pur \u015fi simplu, stadionul ora\u015fului ce devenise ne\u00eenc\u0103p\u0103tor&#8230;<\/p>\n<p>Arti\u015fti consacra\u0163i au \u00eenc\u00e2ntat asisten\u0163a cu aplombul \u015fi talentul lor. La manifestare, au participat \u015fi diverse personalit\u0103\u0163i politice din jude\u0163, pre\u015fedintelele CJ, Vasile Must\u0103\u0163ea, subprefectul Toma Petcu, apropia\u0163i ai or\u0103\u015felului giurgiuvean \u015fi ai locuitorilor acestuia.<\/p>\n<p>\u015ei \u00een acest an, primarul Mihai Dobre a reu\u015fit s\u0103 organizeze o s\u0103rb\u0103toare de nota 10, printre cei care au concertat num\u0103r\u00e2ndu-se: Vali G, Adrian Minune \u015fi\/sau Ileana Ciuculete! Dup\u0103 finalizarea programului artistic, pe \u00eenserat, aproape chiar de noapte, mih\u0103ile\u015ftenii s-au bucurat de focul de artificii, care a \u00eencheiat astfel o zi cu adev\u0103rat minunat\u0103 pentru ei \u015fi pentru ora\u015ful \u00een care locuiesc.<br \/>\n<object width=\"580\" height=\"326\" classid=\"clsid:d27cdb6e-ae6d-11cf-96b8-444553540000\" codebase=\"http:\/\/download.macromedia.com\/pub\/shockwave\/cabs\/flash\/swflash.cab#version=6,0,40,0\"><param name=\"allowFullScreen\" value=\"true\" \/><param name=\"allowscriptaccess\" value=\"always\" \/><param name=\"src\" value=\"\/\/www.youtube.com\/v\/vHtALQGkcz4?version=3&amp;hl=ro_RO&amp;rel=0\" \/><param name=\"allowfullscreen\" value=\"true\" \/><embed width=\"580\" height=\"326\" type=\"application\/x-shockwave-flash\" src=\"\/\/www.youtube.com\/v\/vHtALQGkcz4?version=3&amp;hl=ro_RO&amp;rel=0\" allowFullScreen=\"true\" allowscriptaccess=\"always\" allowfullscreen=\"true\" \/><\/object><\/p>\n","protected":false},"excerpt":{"rendered":"<p>Duminic\u0103, 10 noiembrie 2013, o zi frumoasa \u015fi \u00eensorit\u0103, ora\u015ful Mih\u0103ile\u015fti a \u00eembr\u0103cat straie de s\u0103rb\u0103toare, locuitorii particip\u00e2nd cu mic cu mare la o nou\u0103 edi\u0163ie a Zilei Ora\u015fului. Desf\u0103\u015furat\u0103 \u00eentr-un frumos cadru natural, plin de verdea\u0163\u0103, pe terenul de fotbal, manifestarea a reunit c\u00e2teva mii de participan\u0163i, copii, tineri \u015fi v\u00e2rstnici, din localitate dar [&hellip;]<\/p>\n","protected":false},"author":2,"featured_media":0,"comment_status":"open","ping_status":"open","sticky":false,"template":"","format":"standard","meta":{"footnotes":""},"categories":[1,3],"tags":[],"class_list":["post-9204","post","type-post","status-publish","format-standard","hentry","category-actualitate","category-exclusiv"],"_links":{"self":[{"href":"https:\/\/www.giurgiuveanul.ro\/stiri\/wp-json\/wp\/v2\/posts\/9204","targetHints":{"allow":["GET"]}}],"collection":[{"href":"https:\/\/www.giurgiuveanul.ro\/stiri\/wp-json\/wp\/v2\/posts"}],"about":[{"href":"https:\/\/www.giurgiuveanul.ro\/stiri\/wp-json\/wp\/v2\/types\/post"}],"author":[{"embeddable":true,"href":"https:\/\/www.giurgiuveanul.ro\/stiri\/wp-json\/wp\/v2\/users\/2"}],"replies":[{"embeddable":true,"href":"https:\/\/www.giurgiuveanul.ro\/stiri\/wp-json\/wp\/v2\/comments?post=9204"}],"version-history":[{"count":0,"href":"https:\/\/www.giurgiuveanul.ro\/stiri\/wp-json\/wp\/v2\/posts\/9204\/revisions"}],"wp:attachment":[{"href":"https:\/\/www.giurgiuveanul.ro\/stiri\/wp-json\/wp\/v2\/media?parent=9204"}],"wp:term":[{"taxonomy":"category","embeddable":true,"href":"https:\/\/www.giurgiuveanul.ro\/stiri\/wp-json\/wp\/v2\/categories?post=9204"},{"taxonomy":"post_tag","embeddable":true,"href":"https:\/\/www.giurgiuveanul.ro\/stiri\/wp-json\/wp\/v2\/tags?post=9204"}],"curies":[{"name":"wp","href":"https:\/\/api.w.org\/{rel}","templated":true}]}}